{"id":35085,"date":"2024-12-12T20:29:41","date_gmt":"2024-12-12T20:29:41","guid":{"rendered":"https:\/\/defrentealaverdad.com\/?p=35085"},"modified":"2024-12-13T20:30:01","modified_gmt":"2024-12-13T20:30:01","slug":"ministerio-de-la-mujer-sostiene-intercambio-con-la-fundacion-mujeres-y-familia-internacional-de-corea-del-sur","status":"publish","type":"post","link":"https:\/\/defrentealaverdad.com\/index.php\/2024\/12\/12\/ministerio-de-la-mujer-sostiene-intercambio-con-la-fundacion-mujeres-y-familia-internacional-de-corea-del-sur\/","title":{"rendered":"Ministerio de la Mujer sostiene intercambio con la Fundaci\u00f3n Mujeres y Familia Internacional de Corea del Sur"},"content":{"rendered":"<p style=\"text-align: justify;\"><strong>Santo Domingo.<\/strong>\u00a0Con el prop\u00f3sito de fortalecer las capacidades de atenci\u00f3n y respuesta a la violencia de g\u00e9nero e intrafamiliar, el Ministerio de la Mujer realiz\u00f3 el taller \u201cDesarrollo de Capacidades para Casas de Acogida y el Personal de Apoyo a las<\/p>\n<p style=\"text-align: justify;\">V\u00edctimas de Violencia de G\u00e9nero en la Rep\u00fablica Dominicana\u201d, impartido por la Fundaci\u00f3n de Mujeres y Familia Internacional de Corea del Sur.<\/p>\n<p style=\"text-align: justify;\">El taller tuvo como objetivo potenciar la aplicaci\u00f3n en campo de las pol\u00edticas de trabajo, estableciendo una visi\u00f3n sobre la violencia de g\u00e9nero por parte de servidores p\u00fablicos en la Rep\u00fablica Dominicana.<\/p>\n<p style=\"text-align: justify;\">La capacitaci\u00f3n fue encabezada por Addys Then, viceministra T\u00e9cnica de Planificaci\u00f3n y Desarrollo, qui\u00e9n agradeci\u00f3 a la Fundaci\u00f3n de Mujeres y Familia y al Gobierno de Se\u00fal por el financiamiento para las mejoras a una Casa de Acogida para V\u00edctimas de Violencia de G\u00e9nero, lo que defini\u00f3 como un ejemplo de la cooperaci\u00f3n internacional destinada a abordar los desaf\u00edos globales para construir un futuro mejor para todas las mujeres.<\/p>\n<blockquote>\n<p style=\"text-align: justify;\">\u201cSaludo la presencia de la delegaci\u00f3n de la Fundaci\u00f3n Internacional Mujer y Familia en el marco de un financiamiento del Gobierno de Se\u00fal, encabezada por Heekyung Choi, directora Ejecutiva General; y Miyoung Kim, investigadora principal Equipo de Investigaci\u00f3n y Desarrollo &#8211; Monitoreo de las Actividades; Youngmi Ki, jefe de Equipo de Planificaci\u00f3n de Gesti\u00f3n; y Shinyoung Yun, investigadora principal Equipo de Intercambio y Cooperaci\u00f3n\u201d, recalc\u00f3.<\/p>\n<\/blockquote>\n<p style=\"text-align: justify;\">Consider\u00f3 que, la presencia de la de la comitiva coreana, es una muestra del compromiso que comparten con el Ministerio de la Mujer, por la lucha por la igualdad de g\u00e9nero y la erradicaci\u00f3n de la violencia contra las mujeres.<\/p>\n<p style=\"text-align: justify;\">De igual modo reconoci\u00f3 el trabajo incansable del personal de las casas de acogida y de la L\u00ednea de Emergencia *212 del Ministerio de la Mujer.<\/p>\n<blockquote>\n<p style=\"text-align: justify;\">\u201cUstedes son h\u00e9roes y hero\u00ednas an\u00f3nimas que brindan apoyo y esperanza a las mujeres en momentos de extrema vulnerabilidad\u201d, enfatiz\u00f3 Then.<\/p>\n<\/blockquote>\n<p style=\"text-align: justify;\">De su lado, Heekyung Choi, directora Ejecutiva General IWFF, expres\u00f3 que la instituci\u00f3n que dirige apoya a mujeres y familias en situaciones vulnerables para que disfruten de derechos sociales y econ\u00f3micos leg\u00edtimos y de una vida saludable.<\/p>\n<blockquote>\n<p style=\"text-align: justify;\">\u201cAlgo fundamental en todos nuestros proyectos es la perspectiva de g\u00e9nero, en ellos dise\u00f1amos y ejecutamos iniciativas teniendo en cuenta las realidades sociales y culturales de cada comunidad\u201d, precis\u00f3.<\/p>\n<\/blockquote>\n<p style=\"text-align: justify;\">Dijo esperar, que esta actividad sea el inicio de una colaboraci\u00f3n a\u00fan m\u00e1s estrecha entre Corea del Sur y la Rep\u00fablica Dominicana en el apoyo integral a v\u00edctimas de violencia de g\u00e9nero a trav\u00e9s de diversas acciones.<\/p>\n<p><strong>Relaci\u00f3n de Cooperaci\u00f3n<\/strong><\/p>\n<p style=\"text-align: justify;\">La relaci\u00f3n entre Fundaci\u00f3n de Mujeres y Familia Internacional y el Ministerio de la Mujer, inici\u00f3 en 2022 a trav\u00e9s de la capacitaci\u00f3n en Corea <em>\u201cFortalecimiento de las Capacidades del Personal que Apoya a V\u00edctimas de Violencia de G\u00e9nero\u201d,<\/em> financiada por la Agencia de Cooperaci\u00f3n Internacional de Corea (KOICA), donde se present\u00f3 un plan de acci\u00f3n, para el cual se obtuvo un financiamiento del Gobierno Metropolitano de Se\u00fal para apoyar la remodelaci\u00f3n de una casa de acogida, fortalecer las capacidades del personal y respaldar la campa\u00f1a de sensibilizaci\u00f3n \u201cVivir sin violencia ES POSIBLE.<\/p>\n<p><strong>De la formaci\u00f3n<\/strong><\/p>\n<p style=\"text-align: justify;\">Fue dirigida a 53 participantes de las Casas de Acogida, se abordaron temas relacionados con la igualdad de g\u00e9nero y de c\u00f3mo mejorar la capacidad como pa\u00eds en los servicios a v\u00edctimas de violencia, as\u00ed como para proponer ideas de pol\u00edticas apropiadas al tema.<\/p>\n<p style=\"text-align: justify;\"><strong>Mesas de Trabajo<\/strong><\/p>\n<p style=\"text-align: justify;\">Se crearon actividades relacionadas con la violencia de g\u00e9nero en Corea del Sur y la Rep\u00fablica Dominicana, as\u00ed como las pol\u00edticas importantes que se ejecutan en Corea del Sur, recreados con ejemplos de los planes operativos relacionados.<\/p>\n<p>Fuente: Min. Mujer RD<\/p>\n","protected":false},"excerpt":{"rendered":"<p>Santo Domingo.\u00a0Con el prop\u00f3sito de fortalecer las capacidades de atenci\u00f3n y respuesta a la violencia<\/p>\n","protected":false},"author":2,"featured_media":35086,"comment_status":"open","ping_status":"open","sticky":false,"template":"","format":"standard","meta":{"footnotes":""},"categories":[7],"tags":[],"class_list":["post-35085","post","type-post","status-publish","format-standard","has-post-thumbnail","hentry","category-nacionales"],"_links":{"self":[{"href":"https:\/\/defrentealaverdad.com\/index.php\/wp-json\/wp\/v2\/posts\/35085","targetHints":{"allow":["GET"]}}],"collection":[{"href":"https:\/\/defrentealaverdad.com\/index.php\/wp-json\/wp\/v2\/posts"}],"about":[{"href":"https:\/\/defrentealaverdad.com\/index.php\/wp-json\/wp\/v2\/types\/post"}],"author":[{"embeddable":true,"href":"https:\/\/defrentealaverdad.com\/index.php\/wp-json\/wp\/v2\/users\/2"}],"replies":[{"embeddable":true,"href":"https:\/\/defrentealaverdad.com\/index.php\/wp-json\/wp\/v2\/comments?post=35085"}],"version-history":[{"count":1,"href":"https:\/\/defrentealaverdad.com\/index.php\/wp-json\/wp\/v2\/posts\/35085\/revisions"}],"predecessor-version":[{"id":35087,"href":"https:\/\/defrentealaverdad.com\/index.php\/wp-json\/wp\/v2\/posts\/35085\/revisions\/35087"}],"wp:featuredmedia":[{"embeddable":true,"href":"https:\/\/defrentealaverdad.com\/index.php\/wp-json\/wp\/v2\/media\/35086"}],"wp:attachment":[{"href":"https:\/\/defrentealaverdad.com\/index.php\/wp-json\/wp\/v2\/media?parent=35085"}],"wp:term":[{"taxonomy":"category","embeddable":true,"href":"https:\/\/defrentealaverdad.com\/index.php\/wp-json\/wp\/v2\/categories?post=35085"},{"taxonomy":"post_tag","embeddable":true,"href":"https:\/\/defrentealaverdad.com\/index.php\/wp-json\/wp\/v2\/tags?post=35085"}],"curies":[{"name":"wp","href":"https:\/\/api.w.org\/{rel}","templated":true}]}}