{"id":3506,"date":"2023-02-02T15:29:37","date_gmt":"2023-02-02T15:29:37","guid":{"rendered":"https:\/\/defrentealaverdad.com\/?p=3506"},"modified":"2023-02-02T15:29:45","modified_gmt":"2023-02-02T15:29:45","slug":"raquel-amparo-pone-a-circular-su-libro-un-poquito-para-cada-dia","status":"publish","type":"post","link":"https:\/\/defrentealaverdad.com\/index.php\/2023\/02\/02\/raquel-amparo-pone-a-circular-su-libro-un-poquito-para-cada-dia\/","title":{"rendered":"Raquel Amparo pone a circular su libro Un poquito para cada d\u00eda."},"content":{"rendered":"<p style=\"text-align: justify;\"><img decoding=\"async\" class=\"alignnone size-medium wp-image-3507 lazyload\" data-src=\"https:\/\/defrentealaverdad.com\/wp-content\/uploads\/2023\/02\/WhatsApp-Image-2023-02-02-at-11.09.01-199x300.jpeg\" alt=\"\" width=\"199\" height=\"300\" data-srcset=\"https:\/\/defrentealaverdad.com\/wp-content\/uploads\/2023\/02\/WhatsApp-Image-2023-02-02-at-11.09.01-199x300.jpeg 199w, https:\/\/defrentealaverdad.com\/wp-content\/uploads\/2023\/02\/WhatsApp-Image-2023-02-02-at-11.09.01-681x1024.jpeg 681w, https:\/\/defrentealaverdad.com\/wp-content\/uploads\/2023\/02\/WhatsApp-Image-2023-02-02-at-11.09.01-768x1155.jpeg 768w, https:\/\/defrentealaverdad.com\/wp-content\/uploads\/2023\/02\/WhatsApp-Image-2023-02-02-at-11.09.01.jpeg 851w\" data-sizes=\"(max-width: 199px) 100vw, 199px\" src=\"data:image\/svg+xml;base64,PHN2ZyB3aWR0aD0iMSIgaGVpZ2h0PSIxIiB4bWxucz0iaHR0cDovL3d3dy53My5vcmcvMjAwMC9zdmciPjwvc3ZnPg==\" style=\"--smush-placeholder-width: 199px; --smush-placeholder-aspect-ratio: 199\/300;\" \/><\/p>\n<p style=\"text-align: justify;\">Santiago, Rep\u00fablica Dominicana. Luego celebrar 25 a\u00f1os en la m\u00fasica cristiana la destacada cantante Raquel Amparo se estrena como escritora con la presentaci\u00f3n de su libro titulado Un poquito para cada d\u00eda, puesto a circular el pasado viernes 27 de enero, en el auditorio la Universidad Nacional Evangelica UNEV, recinto Santiago.<\/p>\n<p style=\"text-align: justify;\">Un poquito para cada d\u00eda, es un libro devocional de reflexiones b\u00edblicas, herramientas \u00fatiles para cada rayar del alba, consejos divinos inspirados en la Palabra de Dios.<\/p>\n<p style=\"text-align: justify;\">\u00abEste libro naci\u00f3 de unos lives que hac\u00eda constantemente para compartir las Buenas Nuevas con mis seguidores en Facebook, quienes me testifican ser ministrados poderosamente. Ellos me animaron a plasmar esos contenidos en este libro que titulo Un poquito para cada d\u00eda\u00bb, expres\u00f3 con gran emoci\u00f3n la artista.<\/p>\n<p><img decoding=\"async\" class=\"alignnone wp-image-3508 lazyload\" data-src=\"https:\/\/defrentealaverdad.com\/wp-content\/uploads\/2023\/02\/Raquel-300x146.png\" alt=\"\" width=\"339\" height=\"165\" data-srcset=\"https:\/\/defrentealaverdad.com\/wp-content\/uploads\/2023\/02\/Raquel-300x146.png 300w, https:\/\/defrentealaverdad.com\/wp-content\/uploads\/2023\/02\/Raquel-1024x497.png 1024w, https:\/\/defrentealaverdad.com\/wp-content\/uploads\/2023\/02\/Raquel-768x373.png 768w, https:\/\/defrentealaverdad.com\/wp-content\/uploads\/2023\/02\/Raquel-1536x745.png 1536w, https:\/\/defrentealaverdad.com\/wp-content\/uploads\/2023\/02\/Raquel.png 1599w\" data-sizes=\"(max-width: 339px) 100vw, 339px\" src=\"data:image\/svg+xml;base64,PHN2ZyB3aWR0aD0iMSIgaGVpZ2h0PSIxIiB4bWxucz0iaHR0cDovL3d3dy53My5vcmcvMjAwMC9zdmciPjwvc3ZnPg==\" style=\"--smush-placeholder-width: 339px; --smush-placeholder-aspect-ratio: 339\/165;\" \/><\/p>\n<p style=\"text-align: justify;\">El pr\u00f3logo del libro es de la pastora Beris Castellanos, gu\u00eda espiritual de Raquel, quien tambi\u00e9n es escritora, y una fuente de inspiraci\u00f3n para muchas mujeres, inclu\u00edda La Amparo.<\/p>\n<p style=\"text-align: justify;\">El destacado periodista y comunicador Lennys Tejada Betancourt, editor del libro a trav\u00e9s de Editorial Palabra Multimedia para Publicaciones De La Rosa, acogi\u00f3 la propuesta con gran alegr\u00eda y expectativa, por el contenido edificante de la obra, breve, puntual y preciso, acorde a estos tiempos.<\/p>\n<p style=\"text-align: justify;\">\u00abAgradezco a Dios permitirme recibir tantas bendiciones en estos \u00faltimos d\u00edas, pues nos ayud\u00f3 a completar todas las canciones de mi nuevo \u00e1lbum Homenaje a T\u00ed, nos permiti\u00f3 celebrar en grande mis 25 a\u00f1os en la m\u00fasica con un evento tremendo en el Gran Teatro del Cibao. Adem\u00e1s el Concejo de Regidores de la Alcad\u00eda de Santiago me reconoci\u00f3 como Hija Distinguida; y por fin tengo mi propia banda musical con la cual estoy ministrando en mis presentaciones. Como si todo esto fuera poco, mi libro Un poquito para cada d\u00eda\u00bb, extern\u00f3 rebozante de alegr\u00eda Raquel y anadi\u00f3: \u00bfqu\u00e9 m\u00e1s puedo pedir?<\/p>\n<p style=\"text-align: justify;\">En la puesta en circulaci\u00f3n, el Ministerio Unidad Madura, representada por la pastora Cruz Cordero y la misionera Margarita Gudmundson entregaron un ramo floral al final, como muestra de felicitaciones para la autora a quien admiran y quien forma parte del mismo.<\/p>\n<p style=\"text-align: justify;\">El libro est\u00e1 disponible en librer\u00eda Luz y Vida (calle Beller, Santiago), en la Sociedad de la Palabra Multimedia (calle S\u00e1nchez No.50, Santiago) y en Amazon<\/p>\n<p>&nbsp;<\/p>\n<p>Fuente: Angela Rodr\u00edguez<\/p>\n","protected":false},"excerpt":{"rendered":"<p>Santiago, Rep\u00fablica Dominicana. Luego celebrar 25 a\u00f1os en la m\u00fasica cristiana la destacada cantante Raquel<\/p>\n","protected":false},"author":1,"featured_media":0,"comment_status":"open","ping_status":"open","sticky":false,"template":"","format":"standard","meta":{"footnotes":""},"categories":[7],"tags":[],"class_list":["post-3506","post","type-post","status-publish","format-standard","hentry","category-nacionales"],"_links":{"self":[{"href":"https:\/\/defrentealaverdad.com\/index.php\/wp-json\/wp\/v2\/posts\/3506","targetHints":{"allow":["GET"]}}],"collection":[{"href":"https:\/\/defrentealaverdad.com\/index.php\/wp-json\/wp\/v2\/posts"}],"about":[{"href":"https:\/\/defrentealaverdad.com\/index.php\/wp-json\/wp\/v2\/types\/post"}],"author":[{"embeddable":true,"href":"https:\/\/defrentealaverdad.com\/index.php\/wp-json\/wp\/v2\/users\/1"}],"replies":[{"embeddable":true,"href":"https:\/\/defrentealaverdad.com\/index.php\/wp-json\/wp\/v2\/comments?post=3506"}],"version-history":[{"count":1,"href":"https:\/\/defrentealaverdad.com\/index.php\/wp-json\/wp\/v2\/posts\/3506\/revisions"}],"predecessor-version":[{"id":3509,"href":"https:\/\/defrentealaverdad.com\/index.php\/wp-json\/wp\/v2\/posts\/3506\/revisions\/3509"}],"wp:attachment":[{"href":"https:\/\/defrentealaverdad.com\/index.php\/wp-json\/wp\/v2\/media?parent=3506"}],"wp:term":[{"taxonomy":"category","embeddable":true,"href":"https:\/\/defrentealaverdad.com\/index.php\/wp-json\/wp\/v2\/categories?post=3506"},{"taxonomy":"post_tag","embeddable":true,"href":"https:\/\/defrentealaverdad.com\/index.php\/wp-json\/wp\/v2\/tags?post=3506"}],"curies":[{"name":"wp","href":"https:\/\/api.w.org\/{rel}","templated":true}]}}