{"id":35010,"date":"2024-12-12T12:35:40","date_gmt":"2024-12-12T12:35:40","guid":{"rendered":"https:\/\/defrentealaverdad.com\/?p=35010"},"modified":"2024-12-13T12:41:34","modified_gmt":"2024-12-13T12:41:34","slug":"wilmer-romero-presenta-sin-merecer","status":"publish","type":"post","link":"https:\/\/defrentealaverdad.com\/index.php\/2024\/12\/12\/wilmer-romero-presenta-sin-merecer\/","title":{"rendered":"Wilmer Romero presenta \u00abSin Merecer\u00bb"},"content":{"rendered":"<p style=\"text-align: justify;\"><strong>Bogot\u00e1, Colombia.<\/strong> El reconocido artista salvadore\u00f1o Wilmer Romero, despu\u00e9s de haber visitado por primera vez la ciudad de Bogot\u00e1 para presentar su \u00e9xito musical \u201cBrilla\u201d, en el marco de la ic\u00f3nica Gala de los \u201cPremios Praise Music Awards\u201d 2024, y tras toda una oleada de lanzamientos y colaboraciones musicales, como: \u201cSin Fronteras\u201d Ft. Shalom, \u201cConocerte\u201d Ft. Manny Montes, \u201cLev\u00e1ntate\u201d en solitario, \u201cEn Mi Interior\u201d Ft. Jay Kalyl, y \u201cPuedo Confiar\u201d Ft. The Byron; ahora presenta \u201cSin Merecer\u201d, su nuevo tema musical urbano en compa\u00f1\u00eda del tambi\u00e9n artista salvadore\u00f1o, Alexxis.<\/p>\n<p><strong>\u00abSin Merecer\u00bb,<\/strong> es una canci\u00f3n que explora el amor inmerecido de Dios, un amor que da valor donde antes no lo hab\u00eda. La letra refleja una conversaci\u00f3n \u00edntima entre Dios y un coraz\u00f3n sincero que sin merecer, disfruta de Su amor. Esta canci\u00f3n se conectar\u00e1 emocionalmente con quienes buscan consuelo y valor en Jes\u00fas\u201d. -Comenta Wilmer Romero-.<\/p>\n<p>\u201cSin Merecer\u201d estar\u00e1 disponible desde el pr\u00f3ximo 15 de noviembre, en todas las tiendas y plataformas de streaming, as\u00ed como tambi\u00e9n su video oficial, en el canal de Wilmer Romero en YouTube.<\/p>\n<p><strong>Video Oficial<\/strong><\/p>\n<p><a href=\"https:\/\/youtu.be\/m9JzzTn7r9Y?si=g53yAE5MzZbxLsMK\">https:\/\/youtu.be\/m9JzzTn7r9Y?si=g53yAE5MzZbxLsMK<\/a><\/p>\n<p><strong>Redes Sociales Wilmer Romero<\/strong><\/p>\n<ul>\n<li>Instagram: <em>@wromero.oficial<\/em><\/li>\n<li>Threads: <em>@wromero.oficial<\/em><\/li>\n<li>Facebook: <em>Wilmer Romero<\/em><\/li>\n<li>Tik Tok: <em>@wilmerromeromusic<\/em><\/li>\n<li>X (Twitter): <em>@romerowilmer3<\/em><\/li>\n<li>YouTube: @WilmerRomero<\/li>\n<li>Spotify: <em>Wilmer Romero<\/em><\/li>\n<\/ul>\n<p>Fuente: Fabiola Pachon<\/p>\n","protected":false},"excerpt":{"rendered":"<p>Bogot\u00e1, Colombia. El reconocido artista salvadore\u00f1o Wilmer Romero, despu\u00e9s de haber visitado por primera vez<\/p>\n","protected":false},"author":4,"featured_media":35013,"comment_status":"open","ping_status":"open","sticky":false,"template":"","format":"standard","meta":{"footnotes":""},"categories":[6],"tags":[],"class_list":["post-35010","post","type-post","status-publish","format-standard","has-post-thumbnail","hentry","category-espectaculos"],"_links":{"self":[{"href":"https:\/\/defrentealaverdad.com\/index.php\/wp-json\/wp\/v2\/posts\/35010","targetHints":{"allow":["GET"]}}],"collection":[{"href":"https:\/\/defrentealaverdad.com\/index.php\/wp-json\/wp\/v2\/posts"}],"about":[{"href":"https:\/\/defrentealaverdad.com\/index.php\/wp-json\/wp\/v2\/types\/post"}],"author":[{"embeddable":true,"href":"https:\/\/defrentealaverdad.com\/index.php\/wp-json\/wp\/v2\/users\/4"}],"replies":[{"embeddable":true,"href":"https:\/\/defrentealaverdad.com\/index.php\/wp-json\/wp\/v2\/comments?post=35010"}],"version-history":[{"count":3,"href":"https:\/\/defrentealaverdad.com\/index.php\/wp-json\/wp\/v2\/posts\/35010\/revisions"}],"predecessor-version":[{"id":35015,"href":"https:\/\/defrentealaverdad.com\/index.php\/wp-json\/wp\/v2\/posts\/35010\/revisions\/35015"}],"wp:featuredmedia":[{"embeddable":true,"href":"https:\/\/defrentealaverdad.com\/index.php\/wp-json\/wp\/v2\/media\/35013"}],"wp:attachment":[{"href":"https:\/\/defrentealaverdad.com\/index.php\/wp-json\/wp\/v2\/media?parent=35010"}],"wp:term":[{"taxonomy":"category","embeddable":true,"href":"https:\/\/defrentealaverdad.com\/index.php\/wp-json\/wp\/v2\/categories?post=35010"},{"taxonomy":"post_tag","embeddable":true,"href":"https:\/\/defrentealaverdad.com\/index.php\/wp-json\/wp\/v2\/tags?post=35010"}],"curies":[{"name":"wp","href":"https:\/\/api.w.org\/{rel}","templated":true}]}}