{"id":35001,"date":"2024-12-13T03:05:17","date_gmt":"2024-12-13T03:05:17","guid":{"rendered":"https:\/\/defrentealaverdad.com\/?p=35001"},"modified":"2024-12-13T03:05:41","modified_gmt":"2024-12-13T03:05:41","slug":"premiacion-de-la-3ra-edicion-de-la-ruta-de-las-casas-tipicas-en-las-galeras-samana","status":"publish","type":"post","link":"https:\/\/defrentealaverdad.com\/index.php\/2024\/12\/13\/premiacion-de-la-3ra-edicion-de-la-ruta-de-las-casas-tipicas-en-las-galeras-samana\/","title":{"rendered":"Premiaci\u00f3n de la 3ra edici\u00f3n de la ruta de las casas t\u00edpicas en Las Galeras, Saman\u00e1\u00a0\u00a0"},"content":{"rendered":"<p style=\"text-align: justify;\">Las Galeras, Saman\u00e1. Este s\u00e1bado 14 de diciembre de 2024, a las 4:00 p.m., la comunidad de Las Galeras se vestir\u00e1 de fiesta para celebrar la premiaci\u00f3n de la tercera edici\u00f3n de la Ruta de las Casas T\u00edpicas, un evento que resalta el valor patrimonial de las coloridas casas de madera que son emblema de la regi\u00f3n.<\/p>\n<p style=\"text-align: justify;\">El concurso, realizado a trav\u00e9s de la cuenta oficial de Instagram [@rutadelascasastipicasrd](https:\/\/www.instagram.com\/rutadelascasastipicasrd), tuvo lugar en octubre y atrajo una gran participaci\u00f3n con casi 2,000 votos de seguidores de diversas partes del mundo. La ceremonia promete ser un encuentro memorable, en el que se anunciar\u00e1n los ganadores seleccionados tanto por un jurado profesional como por el p\u00fablico, destacando las tres casas con mayor cantidad de \u00abme gusta\u00bb. Adem\u00e1s, se realizar\u00e1 un sorteo especial entre aquellas casas que no hayan sido premiadas anteriormente.<\/p>\n<p style=\"text-align: justify;\">Gracias al apoyo de generosos donantes y patrocinadores, se entregar\u00e1n premios valorados en 80,000 pesos en materiales de pintura, madera y zinc, destinados a ayudar a los propietarios a embellecer y preservar estas joyas arquitect\u00f3nicas. Este proyecto no solo resalta el patrimonio cultural de Saman\u00e1, sino que tambi\u00e9n fomenta la participaci\u00f3n comunitaria y la sostenibilidad en la conservaci\u00f3n de estas viviendas tradicionales.<\/p>\n<p style=\"text-align: justify;\">La iniciativa tiene como meta expandirse a otras provincias y contin\u00faa invitando a la sociedad a involucrarse en este esfuerzo \u00fanico. Para conocer m\u00e1s sobre el proyecto, visitar sus exposiciones fotogr\u00e1ficas y explorar futuras actividades, puedes seguir su p\u00e1gina de Instagram o ingresar a su sitio web: [www.rutadelascasastipicasrd.com](http:\/\/www.rutadelascasastipicasrd.com).<\/p>\n<blockquote>\n<p style=\"text-align: center;\">Te invitamos a ser parte de este evento especial!<\/p>\n<\/blockquote>\n<p style=\"text-align: justify;\">Para reservar tu asistencia, obtener m\u00e1s informaci\u00f3n o realizar donaciones, comun\u00edcate con Olympia al n\u00famero de WhatsApp 849-271-2715.<\/p>\n<blockquote>\n<p style=\"text-align: center;\">Apoya y celebra la tradici\u00f3n arquitect\u00f3nica dominicana en Las Galeras, Saman\u00e1.<\/p>\n<\/blockquote>\n<p>Fuente: Ruta de las Casas T\u00edpicas<\/p>\n","protected":false},"excerpt":{"rendered":"<p>Las Galeras, Saman\u00e1. Este s\u00e1bado 14 de diciembre de 2024, a las 4:00 p.m., la<\/p>\n","protected":false},"author":2,"featured_media":35003,"comment_status":"open","ping_status":"open","sticky":false,"template":"","format":"standard","meta":{"footnotes":""},"categories":[245],"tags":[],"class_list":["post-35001","post","type-post","status-publish","format-standard","has-post-thumbnail","hentry","category-cultura"],"_links":{"self":[{"href":"https:\/\/defrentealaverdad.com\/index.php\/wp-json\/wp\/v2\/posts\/35001","targetHints":{"allow":["GET"]}}],"collection":[{"href":"https:\/\/defrentealaverdad.com\/index.php\/wp-json\/wp\/v2\/posts"}],"about":[{"href":"https:\/\/defrentealaverdad.com\/index.php\/wp-json\/wp\/v2\/types\/post"}],"author":[{"embeddable":true,"href":"https:\/\/defrentealaverdad.com\/index.php\/wp-json\/wp\/v2\/users\/2"}],"replies":[{"embeddable":true,"href":"https:\/\/defrentealaverdad.com\/index.php\/wp-json\/wp\/v2\/comments?post=35001"}],"version-history":[{"count":1,"href":"https:\/\/defrentealaverdad.com\/index.php\/wp-json\/wp\/v2\/posts\/35001\/revisions"}],"predecessor-version":[{"id":35002,"href":"https:\/\/defrentealaverdad.com\/index.php\/wp-json\/wp\/v2\/posts\/35001\/revisions\/35002"}],"wp:featuredmedia":[{"embeddable":true,"href":"https:\/\/defrentealaverdad.com\/index.php\/wp-json\/wp\/v2\/media\/35003"}],"wp:attachment":[{"href":"https:\/\/defrentealaverdad.com\/index.php\/wp-json\/wp\/v2\/media?parent=35001"}],"wp:term":[{"taxonomy":"category","embeddable":true,"href":"https:\/\/defrentealaverdad.com\/index.php\/wp-json\/wp\/v2\/categories?post=35001"},{"taxonomy":"post_tag","embeddable":true,"href":"https:\/\/defrentealaverdad.com\/index.php\/wp-json\/wp\/v2\/tags?post=35001"}],"curies":[{"name":"wp","href":"https:\/\/api.w.org\/{rel}","templated":true}]}}