{"id":34927,"date":"2024-12-12T20:12:45","date_gmt":"2024-12-12T20:12:45","guid":{"rendered":"https:\/\/defrentealaverdad.com\/?p=34927"},"modified":"2024-12-13T01:14:49","modified_gmt":"2024-12-13T01:14:49","slug":"escuelas-vocacionales-del-ministerio-de-defensa-graduan-44-mil-144-nuevos-tecnicos","status":"publish","type":"post","link":"https:\/\/defrentealaverdad.com\/index.php\/2024\/12\/12\/escuelas-vocacionales-del-ministerio-de-defensa-graduan-44-mil-144-nuevos-tecnicos\/","title":{"rendered":"Escuelas Vocacionales del Ministerio de Defensa grad\u00faan 44 mil 144 nuevos t\u00e9cnicos"},"content":{"rendered":"<p style=\"text-align: justify;\">Por Felix Rubio<\/p>\n<p style=\"text-align: justify;\">SANTO DOMINGO. &#8211; El Ministerio de Defensa (MIDE) a trav\u00e9s de la Direcci\u00f3n General de las Escuelas Vocacionales de las Fuerzas Armadas y de la Polic\u00eda Nacional (DIGEV) cerr\u00f3 con \u00e9xito este jueves su programa de graduaci\u00f3n correspondiente al periodo acad\u00e9mico 2024, en donde se invistieron un total de 44,114 nuevos t\u00e9cnicos y auxiliares en m\u00e1s de 105 acciones formativas en los 31 centros formativos que operan en el pa\u00eds.<img decoding=\"async\" class=\"size-medium wp-image-34931 alignleft lazyload\" data-src=\"https:\/\/defrentealaverdad.com\/wp-content\/uploads\/2024\/12\/IMG-20241212-WA0206-300x200.jpg\" alt=\"\" width=\"300\" height=\"200\" data-srcset=\"https:\/\/defrentealaverdad.com\/wp-content\/uploads\/2024\/12\/IMG-20241212-WA0206-300x200.jpg 300w, https:\/\/defrentealaverdad.com\/wp-content\/uploads\/2024\/12\/IMG-20241212-WA0206-1024x682.jpg 1024w, https:\/\/defrentealaverdad.com\/wp-content\/uploads\/2024\/12\/IMG-20241212-WA0206-768x512.jpg 768w, https:\/\/defrentealaverdad.com\/wp-content\/uploads\/2024\/12\/IMG-20241212-WA0206.jpg 1280w\" data-sizes=\"(max-width: 300px) 100vw, 300px\" src=\"data:image\/svg+xml;base64,PHN2ZyB3aWR0aD0iMSIgaGVpZ2h0PSIxIiB4bWxucz0iaHR0cDovL3d3dy53My5vcmcvMjAwMC9zdmciPjwvc3ZnPg==\" style=\"--smush-placeholder-width: 300px; --smush-placeholder-aspect-ratio: 300\/200;\" \/><\/p>\n<p style=\"text-align: justify;\">La actividad fue encabezada por el mayor general Miguel \u00c1ngel Rubio B\u00e1ez, ERD., Viceministro de Defensa para Asuntos Militares, en representaci\u00f3n del teniente general Carlos Antonio Fern\u00e1ndez Onofre, ERD., Ministro de Defensa, y el anfitri\u00f3n, coronel Jos\u00e9 Ram\u00f3n Reyes Su\u00e1rez, FARD, director general de la DIGEV, quien inform\u00f3 que con las referidas graduaciones en esa instituci\u00f3n se ha logrado formar y graduar 467,683 mil nuevos t\u00e9cnicos desde su fundaci\u00f3n en 1966.<\/p>\n<p style=\"text-align: justify;\">El cierre de la graduaci\u00f3n 2024 de la entidad concluy\u00f3 con la celebraci\u00f3n de un acto de investidura de los estudiantes de las escuelas vocacionales de la regi\u00f3n metropolitana, llevada a cabo en el sal\u00f3n Independencia del Ministerio de Defensa, en el Distrito Nacional, en donde se graduaron un total de mil ciento cincuenta (1,150) nuevos t\u00e9cnicos y auxiliares en diversos oficios t\u00e9cnicos.<img decoding=\"async\" class=\"size-medium wp-image-34929 alignright lazyload\" data-src=\"https:\/\/defrentealaverdad.com\/wp-content\/uploads\/2024\/12\/IMG-20241212-WA0207-300x200.jpg\" alt=\"\" width=\"300\" height=\"200\" data-srcset=\"https:\/\/defrentealaverdad.com\/wp-content\/uploads\/2024\/12\/IMG-20241212-WA0207-300x200.jpg 300w, https:\/\/defrentealaverdad.com\/wp-content\/uploads\/2024\/12\/IMG-20241212-WA0207-1024x682.jpg 1024w, https:\/\/defrentealaverdad.com\/wp-content\/uploads\/2024\/12\/IMG-20241212-WA0207-768x512.jpg 768w, https:\/\/defrentealaverdad.com\/wp-content\/uploads\/2024\/12\/IMG-20241212-WA0207.jpg 1280w\" data-sizes=\"(max-width: 300px) 100vw, 300px\" src=\"data:image\/svg+xml;base64,PHN2ZyB3aWR0aD0iMSIgaGVpZ2h0PSIxIiB4bWxucz0iaHR0cDovL3d3dy53My5vcmcvMjAwMC9zdmciPjwvc3ZnPg==\" style=\"--smush-placeholder-width: 300px; --smush-placeholder-aspect-ratio: 300\/200;\" \/><\/p>\n<p style=\"text-align: justify;\">Los egresados se graduaron en enfermer\u00eda, inform\u00e1tica, ingl\u00e9s, oratoria, Creole, locuci\u00f3n, contabilidad, venta, cosmetolog\u00eda, belleza, refrigeraci\u00f3n automotriz, hoteler\u00eda y turismo, auxiliar en farmacia, conducci\u00f3n de veh\u00edculos pesados, dise\u00f1o gr\u00e1fico, tapicer\u00eda, electricidad residencial, entre otras especialidades.<\/p>\n<p style=\"text-align: justify;\">En su discurso de orden, el coronel Reyes Su\u00e1rez afirm\u00f3 que los t\u00e9cnicos egresados de esos centros formativos contribuir\u00e1n con las habilidades y conocimientos adquiridos al desarrollo socio- econ\u00f3mico de las diferentes zonas donde funcionan las Escuelas Vocacionales, as\u00ed como al bienestar de sus familias.<\/p>\n<blockquote>\n<p style=\"text-align: justify;\"><em>\u00abLa finalidad de estos programas formativos t\u00e9cnicos &#8211; profesionales dirigidos a militares, polic\u00edas y ciudadanos en general, es preparar mano de obra calificada para satisfacer las necesidades productivas nacionales, y as\u00ed contribuir al desarrollo econ\u00f3mico y social de la Rep\u00fablica Dominicana\u00bb,<\/em> resalt\u00f3.<\/p>\n<\/blockquote>\n<p>Adem\u00e1s a\u00f1adio:<\/p>\n<blockquote>\n<p style=\"text-align: justify;\">\u00abEste acto nacional, se suma a las seis ceremonias anteriormente realizadas, tales como en Barahona, La Romana, La Vega, San Crist\u00f3bal, Nagua y el centro penitenciario de La Victoria, es un reflejo del alcance y la trascendencia de nuestra labor educativa. Gracias a estas jornadas, hemos demostrado que la educaci\u00f3n a estos niveles constituye un pilar esencial para el desarrollo de nuestra naci\u00f3n\u00bb.<\/p>\n<\/blockquote>\n<p style=\"text-align: justify;\">Indic\u00f3 que miles de t\u00e9cnicos fueron graduados a trav\u00e9s del Instituto Nacional de Formaci\u00f3n T\u00e9cnico Profesional (INFOTEP), Direcci\u00f3n General de Proyectos Estrat\u00e9gicos y Especiales <img decoding=\"async\" class=\"size-medium wp-image-34932 alignleft lazyload\" data-src=\"https:\/\/defrentealaverdad.com\/wp-content\/uploads\/2024\/12\/IMG-20241212-WA0205-300x200.jpg\" alt=\"\" width=\"300\" height=\"200\" data-srcset=\"https:\/\/defrentealaverdad.com\/wp-content\/uploads\/2024\/12\/IMG-20241212-WA0205-300x200.jpg 300w, https:\/\/defrentealaverdad.com\/wp-content\/uploads\/2024\/12\/IMG-20241212-WA0205-1024x683.jpg 1024w, https:\/\/defrentealaverdad.com\/wp-content\/uploads\/2024\/12\/IMG-20241212-WA0205-768x512.jpg 768w, https:\/\/defrentealaverdad.com\/wp-content\/uploads\/2024\/12\/IMG-20241212-WA0205.jpg 1280w\" data-sizes=\"(max-width: 300px) 100vw, 300px\" src=\"data:image\/svg+xml;base64,PHN2ZyB3aWR0aD0iMSIgaGVpZ2h0PSIxIiB4bWxucz0iaHR0cDovL3d3dy53My5vcmcvMjAwMC9zdmciPjwvc3ZnPg==\" style=\"--smush-placeholder-width: 300px; --smush-placeholder-aspect-ratio: 300\/200;\" \/>de la Presidencia (PROPEEP) y su programa Dominicana Digna, Al Gabinete de Coordinaci\u00f3n de Pol\u00edticas Sociales y su programa Oportunidad 14\/24, as\u00ed como tambi\u00e9n al Programa Sup\u00e9rate.<\/p>\n<p style=\"text-align: justify;\">Los centros de formaci\u00f3n de donde proceden los graduados est\u00e1n ubicados en Santo Domingo Este, La Ci\u00e9naga, San Crist\u00f3bal, San Pedro de Macor\u00eds, San Jos\u00e9 de Ocoa, Ban\u00ed, San Francisco de Macor\u00eds, Pimentel, Castillo, Nagua, Miches, Moca, Jarabacoa, La Vega, La Romana, el Distrito Nacional y simult\u00e1neamente en el sur: Barahona, Duverge, El\u00edas Pi\u00f1a, Neiba, entre otros.<\/p>\n<p style=\"text-align: justify;\">Reyes Suarez exalt\u00f3 la gran visi\u00f3n y liderazgo del Excelent\u00edsimo Se\u00f1or Presidente Constitucional de la Rep\u00fablica, Lic. Luis Rodolfo Abinader Corona, que fortalece el sistema educativo a nivel t\u00e9cnico en nuestro pa\u00eds.<img decoding=\"async\" class=\"size-medium wp-image-34934 alignright lazyload\" data-src=\"https:\/\/defrentealaverdad.com\/wp-content\/uploads\/2024\/12\/IMG-20241212-WA0203-300x200.jpg\" alt=\"\" width=\"300\" height=\"200\" data-srcset=\"https:\/\/defrentealaverdad.com\/wp-content\/uploads\/2024\/12\/IMG-20241212-WA0203-300x200.jpg 300w, https:\/\/defrentealaverdad.com\/wp-content\/uploads\/2024\/12\/IMG-20241212-WA0203-1024x682.jpg 1024w, https:\/\/defrentealaverdad.com\/wp-content\/uploads\/2024\/12\/IMG-20241212-WA0203-768x512.jpg 768w, https:\/\/defrentealaverdad.com\/wp-content\/uploads\/2024\/12\/IMG-20241212-WA0203.jpg 1280w\" data-sizes=\"(max-width: 300px) 100vw, 300px\" src=\"data:image\/svg+xml;base64,PHN2ZyB3aWR0aD0iMSIgaGVpZ2h0PSIxIiB4bWxucz0iaHR0cDovL3d3dy53My5vcmcvMjAwMC9zdmciPjwvc3ZnPg==\" style=\"--smush-placeholder-width: 300px; --smush-placeholder-aspect-ratio: 300\/200;\" \/><\/p>\n<p style=\"text-align: justify;\">De igual manera, el coronel Reyes Suarez agradeci\u00f3 al Ministro de Defensa, Teniente General Carlos Antonio Fern\u00e1ndez Onofre, ERD, por su apoyo constante a los programas que van en beneficios de todos los estudiantes de la DIGEV.<\/p>\n<p>Fuente: Dir. Com. DIGEV<\/p>\n","protected":false},"excerpt":{"rendered":"<p>Por Felix Rubio SANTO DOMINGO. &#8211; El Ministerio de Defensa (MIDE) a trav\u00e9s de la<\/p>\n","protected":false},"author":1,"featured_media":34928,"comment_status":"open","ping_status":"open","sticky":false,"template":"","format":"standard","meta":{"footnotes":""},"categories":[7],"tags":[],"class_list":["post-34927","post","type-post","status-publish","format-standard","has-post-thumbnail","hentry","category-nacionales"],"_links":{"self":[{"href":"https:\/\/defrentealaverdad.com\/index.php\/wp-json\/wp\/v2\/posts\/34927","targetHints":{"allow":["GET"]}}],"collection":[{"href":"https:\/\/defrentealaverdad.com\/index.php\/wp-json\/wp\/v2\/posts"}],"about":[{"href":"https:\/\/defrentealaverdad.com\/index.php\/wp-json\/wp\/v2\/types\/post"}],"author":[{"embeddable":true,"href":"https:\/\/defrentealaverdad.com\/index.php\/wp-json\/wp\/v2\/users\/1"}],"replies":[{"embeddable":true,"href":"https:\/\/defrentealaverdad.com\/index.php\/wp-json\/wp\/v2\/comments?post=34927"}],"version-history":[{"count":3,"href":"https:\/\/defrentealaverdad.com\/index.php\/wp-json\/wp\/v2\/posts\/34927\/revisions"}],"predecessor-version":[{"id":34935,"href":"https:\/\/defrentealaverdad.com\/index.php\/wp-json\/wp\/v2\/posts\/34927\/revisions\/34935"}],"wp:featuredmedia":[{"embeddable":true,"href":"https:\/\/defrentealaverdad.com\/index.php\/wp-json\/wp\/v2\/media\/34928"}],"wp:attachment":[{"href":"https:\/\/defrentealaverdad.com\/index.php\/wp-json\/wp\/v2\/media?parent=34927"}],"wp:term":[{"taxonomy":"category","embeddable":true,"href":"https:\/\/defrentealaverdad.com\/index.php\/wp-json\/wp\/v2\/categories?post=34927"},{"taxonomy":"post_tag","embeddable":true,"href":"https:\/\/defrentealaverdad.com\/index.php\/wp-json\/wp\/v2\/tags?post=34927"}],"curies":[{"name":"wp","href":"https:\/\/api.w.org\/{rel}","templated":true}]}}