{"id":3491,"date":"2023-02-01T15:15:13","date_gmt":"2023-02-01T15:15:13","guid":{"rendered":"https:\/\/defrentealaverdad.com\/?p=3491"},"modified":"2023-02-02T15:16:13","modified_gmt":"2023-02-02T15:16:13","slug":"fard-recibe-la-antorcha-de-los-juegos-militares","status":"publish","type":"post","link":"https:\/\/defrentealaverdad.com\/index.php\/2023\/02\/01\/fard-recibe-la-antorcha-de-los-juegos-militares\/","title":{"rendered":"FARD recibe la Antorcha de los Juegos Militares"},"content":{"rendered":"<p style=\"text-align: justify;\">Por Felix Rubio<\/p>\n<p style=\"text-align: justify;\"><img decoding=\"async\" class=\"alignnone size-medium wp-image-3492 lazyload\" data-src=\"https:\/\/defrentealaverdad.com\/wp-content\/uploads\/2023\/02\/WhatsApp-Image-2023-02-01-at-21.48.55-300x199.jpeg\" alt=\"\" width=\"300\" height=\"199\" data-srcset=\"https:\/\/defrentealaverdad.com\/wp-content\/uploads\/2023\/02\/WhatsApp-Image-2023-02-01-at-21.48.55-300x199.jpeg 300w, https:\/\/defrentealaverdad.com\/wp-content\/uploads\/2023\/02\/WhatsApp-Image-2023-02-01-at-21.48.55-768x509.jpeg 768w, https:\/\/defrentealaverdad.com\/wp-content\/uploads\/2023\/02\/WhatsApp-Image-2023-02-01-at-21.48.55.jpeg 1024w\" data-sizes=\"(max-width: 300px) 100vw, 300px\" src=\"data:image\/svg+xml;base64,PHN2ZyB3aWR0aD0iMSIgaGVpZ2h0PSIxIiB4bWxucz0iaHR0cDovL3d3dy53My5vcmcvMjAwMC9zdmciPjwvc3ZnPg==\" style=\"--smush-placeholder-width: 300px; --smush-placeholder-aspect-ratio: 300\/199;\" \/><\/p>\n<p style=\"text-align: justify;\">La ma\u00f1ana de este mi\u00e9rcoles 1 de febrero el Com\u00e1ndate General de la Fuerza A\u00e9rea de Rep\u00fablica Dominicana; Mayor General Tec. De Av. Carlos R. Febrillet Rodr\u00edguez recibi\u00f3 en la Base A\u00e9rea San Isidro la antorcha ol\u00edmpica de los 52 Juegos Deportivos Militares de las Fuerzas Armadas y la Polic\u00eda Nacional.<\/p>\n<p style=\"text-align: justify;\">El acto fue realizado en la explanada frontal de la Caseta de Ceremonias <em><strong>\u201cGeneral de Brigada Osvaldo Cepeda Cepeda\u201d,<\/strong> <\/em>FARD, donde el presidente del C\u00edrculo Deportivo de las Fuerzas Armadas y la Polic\u00eda Nacional (CIDEFAPON); General de Brigada Delio B. Col\u00f3n Rosario, ERD, entreg\u00f3 la antorcha al Comandante General de la FARD, quien a su vez se la entreg\u00f3 al atleta Capit\u00e1n Luguelin Santos, FARD.<\/p>\n<p style=\"text-align: justify;\">A partir de ese momento la Antorcha de los Juegos Deportivos Militares recorri\u00f3 los distintos Comandos de la FARD, notificando que pronto iniciar\u00e1n las competencias.<\/p>\n<p style=\"text-align: justify;\">De igual manera la ceremonia cont\u00f3 con la presencia del Subcomandante General FARD, General de Brigada Paracaidista Mauricio L. Fern\u00e1ndez Garc\u00eda; el Inspector General FARD, General de Brigada Piloto Rafael Acosta Sera; el Comandante de la Base A\u00e9rea de San Isidro, Coronel V\u00edctor Pe\u00f1a Paradas, FARD y el Vicepresidehte del comit\u00e9 Organizador de los LII Juegos Deportivos de las FF. AA. y P. N. Coronel Joran B\u00e1ez Fern\u00e1ndez.<\/p>\n<p>&nbsp;<\/p>\n<p>Fuente: Prensa FARD<\/p>\n","protected":false},"excerpt":{"rendered":"<p>Por Felix Rubio La ma\u00f1ana de este mi\u00e9rcoles 1 de febrero el Com\u00e1ndate General de<\/p>\n","protected":false},"author":1,"featured_media":0,"comment_status":"open","ping_status":"open","sticky":false,"template":"","format":"standard","meta":{"footnotes":""},"categories":[3,7],"tags":[],"class_list":["post-3491","post","type-post","status-publish","format-standard","hentry","category-deportes","category-nacionales"],"_links":{"self":[{"href":"https:\/\/defrentealaverdad.com\/index.php\/wp-json\/wp\/v2\/posts\/3491","targetHints":{"allow":["GET"]}}],"collection":[{"href":"https:\/\/defrentealaverdad.com\/index.php\/wp-json\/wp\/v2\/posts"}],"about":[{"href":"https:\/\/defrentealaverdad.com\/index.php\/wp-json\/wp\/v2\/types\/post"}],"author":[{"embeddable":true,"href":"https:\/\/defrentealaverdad.com\/index.php\/wp-json\/wp\/v2\/users\/1"}],"replies":[{"embeddable":true,"href":"https:\/\/defrentealaverdad.com\/index.php\/wp-json\/wp\/v2\/comments?post=3491"}],"version-history":[{"count":3,"href":"https:\/\/defrentealaverdad.com\/index.php\/wp-json\/wp\/v2\/posts\/3491\/revisions"}],"predecessor-version":[{"id":3495,"href":"https:\/\/defrentealaverdad.com\/index.php\/wp-json\/wp\/v2\/posts\/3491\/revisions\/3495"}],"wp:attachment":[{"href":"https:\/\/defrentealaverdad.com\/index.php\/wp-json\/wp\/v2\/media?parent=3491"}],"wp:term":[{"taxonomy":"category","embeddable":true,"href":"https:\/\/defrentealaverdad.com\/index.php\/wp-json\/wp\/v2\/categories?post=3491"},{"taxonomy":"post_tag","embeddable":true,"href":"https:\/\/defrentealaverdad.com\/index.php\/wp-json\/wp\/v2\/tags?post=3491"}],"curies":[{"name":"wp","href":"https:\/\/api.w.org\/{rel}","templated":true}]}}