{"id":3482,"date":"2023-02-01T18:33:14","date_gmt":"2023-02-01T18:33:14","guid":{"rendered":"https:\/\/defrentealaverdad.com\/?p=3482"},"modified":"2023-02-01T18:33:27","modified_gmt":"2023-02-01T18:33:27","slug":"se-registran-dos-replicas-tras-sismo-de-5-3-al-sureste-del-mar-caribe","status":"publish","type":"post","link":"https:\/\/defrentealaverdad.com\/index.php\/2023\/02\/01\/se-registran-dos-replicas-tras-sismo-de-5-3-al-sureste-del-mar-caribe\/","title":{"rendered":"Se registran dos r\u00e9plicas tras sismo de 5.3 al sureste del Mar Caribe"},"content":{"rendered":"<p style=\"text-align: justify;\"><strong>A diferencia del sismo de 5.3 registrado a las 7:11 de la ma\u00f1ana, las r\u00e9plicas no fueron sentidas en tierra, y no representa peligro alguno<\/strong><\/p>\n<p style=\"text-align: justify;\"><img decoding=\"async\" data-src=\"https:\/\/images2.listindiario.com\/n\/content\/761\/760630\/p\/680x460\/202302011247471.jpeg\" alt=\"Se registran dos r\u00e9plicas tras sismo de 5.3 al sureste del Mar Caribe \" src=\"data:image\/svg+xml;base64,PHN2ZyB3aWR0aD0iMSIgaGVpZ2h0PSIxIiB4bWxucz0iaHR0cDovL3d3dy53My5vcmcvMjAwMC9zdmciPjwvc3ZnPg==\" class=\"lazyload\" \/><\/p>\n<p style=\"text-align: justify;\"><strong>Santo Domingo, RD. <\/strong>Tras el sismo de 5.3 grados de magnitud registrado al sureste del pa\u00eds, el Centro Nacional de Sismolog\u00eda de la Universidad Aut\u00f3noma de Santo Domingo notific\u00f3 que\u00a0<strong>se registraron dos r\u00e9plicas de 3.3 grados en la comunidad Matanzas,<\/strong>\u00a0Peravia.<\/p>\n<p style=\"text-align: justify;\">La primera r\u00e9plica se produjo a\u00a0<strong>26.5 kil\u00f3metros al sur \u2013 sureste de Matanzas<\/strong>, con una profundidad de 52.6 en el Mar Caribe, a las 7:36 de la ma\u00f1ana de este mi\u00e9rcoles.<\/p>\n<p style=\"text-align: justify;\">Mientras que la segunda tuvo su epicentro a\u00a0<strong>22.2 kil\u00f3metros de Las Calderas<\/strong>, con 43.6 kil\u00f3metros de profundidad en el Mar Caribe y se efectu\u00f3 a las 8:18 de la ma\u00f1ana.<\/p>\n<p style=\"text-align: justify;\">A diferencia del sismo de\u00a05.3 registrado a las 7:11 de la ma\u00f1ana,\u00a0las r\u00e9plicas no fueron sentidas en tierra, y no representaron peligro alguno.<\/p>\n<p style=\"text-align: justify;\">El Centro tambi\u00e9n record\u00f3 que la tierra libera energ\u00eda todos los d\u00edas, pero\u00a0<strong>no todas las veces son percibidas en la superficie.<\/strong><\/p>\n<p style=\"text-align: justify;\">Por otro lado, el Centro de Operaciones de Emergencias (COE), ante la situaci\u00f3n, tom\u00f3 la decisi\u00f3n de\u00a0<strong>activar el plan de contingencia contra terremotos\u00a0<\/strong>y evaluar los da\u00f1os en las provincias donde se sinti\u00f3 el sismo.<\/p>\n<p>&nbsp;<\/p>\n<p>&nbsp;<\/p>\n<p>Fuente: List\u00edn Diario<\/p>\n","protected":false},"excerpt":{"rendered":"<p>A diferencia del sismo de 5.3 registrado a las 7:11 de la ma\u00f1ana, las r\u00e9plicas<\/p>\n","protected":false},"author":1,"featured_media":0,"comment_status":"open","ping_status":"open","sticky":false,"template":"","format":"standard","meta":{"footnotes":""},"categories":[7],"tags":[],"class_list":["post-3482","post","type-post","status-publish","format-standard","hentry","category-nacionales"],"_links":{"self":[{"href":"https:\/\/defrentealaverdad.com\/index.php\/wp-json\/wp\/v2\/posts\/3482","targetHints":{"allow":["GET"]}}],"collection":[{"href":"https:\/\/defrentealaverdad.com\/index.php\/wp-json\/wp\/v2\/posts"}],"about":[{"href":"https:\/\/defrentealaverdad.com\/index.php\/wp-json\/wp\/v2\/types\/post"}],"author":[{"embeddable":true,"href":"https:\/\/defrentealaverdad.com\/index.php\/wp-json\/wp\/v2\/users\/1"}],"replies":[{"embeddable":true,"href":"https:\/\/defrentealaverdad.com\/index.php\/wp-json\/wp\/v2\/comments?post=3482"}],"version-history":[{"count":2,"href":"https:\/\/defrentealaverdad.com\/index.php\/wp-json\/wp\/v2\/posts\/3482\/revisions"}],"predecessor-version":[{"id":3484,"href":"https:\/\/defrentealaverdad.com\/index.php\/wp-json\/wp\/v2\/posts\/3482\/revisions\/3484"}],"wp:attachment":[{"href":"https:\/\/defrentealaverdad.com\/index.php\/wp-json\/wp\/v2\/media?parent=3482"}],"wp:term":[{"taxonomy":"category","embeddable":true,"href":"https:\/\/defrentealaverdad.com\/index.php\/wp-json\/wp\/v2\/categories?post=3482"},{"taxonomy":"post_tag","embeddable":true,"href":"https:\/\/defrentealaverdad.com\/index.php\/wp-json\/wp\/v2\/tags?post=3482"}],"curies":[{"name":"wp","href":"https:\/\/api.w.org\/{rel}","templated":true}]}}