{"id":3467,"date":"2023-02-01T13:00:40","date_gmt":"2023-02-01T13:00:40","guid":{"rendered":"https:\/\/defrentealaverdad.com\/?p=3467"},"modified":"2023-02-01T13:00:49","modified_gmt":"2023-02-01T13:00:49","slug":"por-primera-vez-en-50-000-anos-el-cometa-verde-se-podra-observar-desde-la-tierra","status":"publish","type":"post","link":"https:\/\/defrentealaverdad.com\/index.php\/2023\/02\/01\/por-primera-vez-en-50-000-anos-el-cometa-verde-se-podra-observar-desde-la-tierra\/","title":{"rendered":"Por primera vez en 50 000 a\u00f1os, el cometa verde se podr\u00e1 observar desde la Tierra"},"content":{"rendered":"<header class=\"g-story-header\">\n<div class=\"g-story-meta\">\n<div class=\"g-story-meta-footer\">\n<p>&nbsp;<\/p>\n<\/div>\n<\/div>\n<\/header>\n<div class=\"g-story-media-container\">\n<figure class=\"g-story-media-photo\">\n<div class=\"image\" style=\"text-align: justify;\"><img decoding=\"async\" data-src=\"https:\/\/www.granma.cu\/file\/img\/2023\/01\/medium\/f0334661.jpg\" alt=\"cometa verde\" data-mediaviewer-src=\"\/file\/img\/2023\/01\/medium\/f0334661.jpg\" data-mediaviewer-caption=\"cometa verde\" data-mediaviewer-credit=\"National Geographic\" src=\"data:image\/svg+xml;base64,PHN2ZyB3aWR0aD0iMSIgaGVpZ2h0PSIxIiB4bWxucz0iaHR0cDovL3d3dy53My5vcmcvMjAwMC9zdmciPjwvc3ZnPg==\" class=\"lazyload\" \/><\/div>\n<\/figure>\n<\/div>\n<div class=\"story-body-textt story-content\" style=\"text-align: justify;\">\n<p style=\"text-align: justify;\">Por primera vez en 50 000 a\u00f1os, el cometa C\/2022 E3 (ZTF), tambi\u00e9n conocido como \u00abEl cometa verde\u00bb, se podr\u00e1 observar desde la Tierra durante los pr\u00f3ximos d\u00edas.<\/p>\n<p style=\"text-align: justify;\">Seg\u00fan inform\u00f3 el Centro Aeroespacial Alem\u00e1n, para verlo en vivo es posible hacerlo con el uso de unos prism\u00e1ticos, telescopio o a simple vista (en menor medida).<\/p>\n<p style=\"text-align: justify;\">El 1ro. de febrero el cometa pasar\u00e1 entre las \u00f3rbitas de la Tierra y Marte a una velocidad relativa de 207 000 km\/hora. Se calcula que su n\u00facleo tiene un di\u00e1metro de 1 600 metros y sus colas se extienden millones de kil\u00f3metros. Situ\u00e1ndose a una distancia de unos 42 millones de kil\u00f3metros de la Tierra, ese d\u00eda alcanzar\u00e1 su punto m\u00e1ximo de visibilidad.<\/p>\n<p style=\"text-align: justify;\">La \u00faltima vez que esto sucedi\u00f3 fue hace 50 000 a\u00f1os, cuando el hombre de Neandertal u\u00a0<em>Homo neanderthalensis<\/em>\u00a0a\u00fan era una especie viva. Por estos d\u00edas, el brillo verdoso del cometa podr\u00e1 verse a simple vista, bajo ciertas condiciones, advirti\u00f3 la cadena de noticias alemana Deutsche Welle (DW).<\/p>\n<p style=\"text-align: justify;\">El mejor momento ser\u00e1 en el horario entre la medianoche y justo antes del amanecer, apuntando al noreste y buscando la Estrella Polar en la Osa Menor. Eso s\u00ed,\u00a0es fundamental que el cielo est\u00e9 despejado para poder observar el cometa.<\/p>\n<p style=\"text-align: justify;\">En tal sentido, habr\u00e1 m\u00e1s probabilidades de verlo en zonas con una menor contaminaci\u00f3n lum\u00ednica. Lo ideal es, como siempre, en zonas rurales.<\/p>\n<p style=\"text-align: justify;\">Despu\u00e9s del 1ro. de febrero, la visibilidad del C\/2022 volver\u00e1 a disminuir a medida que la luna creciente lo eclipse. Durante este tiempo, el cometa se alejar\u00e1 de la Tierra en direcci\u00f3n hacia Marte. Alrededor del 10 y 11 de febrero pasar\u00e1 por Marte y con un poco de suerte se podr\u00e1 volver a ver, inform\u00f3 DW.<\/p>\n<p style=\"text-align: justify;\">Seg\u00fan el Centro Aeroespacial Alem\u00e1n, la coloraci\u00f3n verde es causada por una interacci\u00f3n entre un gas y el calor del sol cuando el cometa se acerca. Solo el calor del sol hace que el cometa brille; sin este brillo, no podr\u00edamos reconocerlo en la oscuridad del espacio.<\/p>\n<\/div>\n<p style=\"text-align: justify;\">\n<p>&nbsp;<\/p>\n<p>Fuente: BBC<\/p>\n","protected":false},"excerpt":{"rendered":"<p>&nbsp; Por primera vez en 50 000 a\u00f1os, el cometa C\/2022 E3 (ZTF), tambi\u00e9n conocido<\/p>\n","protected":false},"author":1,"featured_media":0,"comment_status":"open","ping_status":"open","sticky":false,"template":"","format":"standard","meta":{"footnotes":""},"categories":[16],"tags":[],"class_list":["post-3467","post","type-post","status-publish","format-standard","hentry","category-internacionales"],"_links":{"self":[{"href":"https:\/\/defrentealaverdad.com\/index.php\/wp-json\/wp\/v2\/posts\/3467","targetHints":{"allow":["GET"]}}],"collection":[{"href":"https:\/\/defrentealaverdad.com\/index.php\/wp-json\/wp\/v2\/posts"}],"about":[{"href":"https:\/\/defrentealaverdad.com\/index.php\/wp-json\/wp\/v2\/types\/post"}],"author":[{"embeddable":true,"href":"https:\/\/defrentealaverdad.com\/index.php\/wp-json\/wp\/v2\/users\/1"}],"replies":[{"embeddable":true,"href":"https:\/\/defrentealaverdad.com\/index.php\/wp-json\/wp\/v2\/comments?post=3467"}],"version-history":[{"count":2,"href":"https:\/\/defrentealaverdad.com\/index.php\/wp-json\/wp\/v2\/posts\/3467\/revisions"}],"predecessor-version":[{"id":3469,"href":"https:\/\/defrentealaverdad.com\/index.php\/wp-json\/wp\/v2\/posts\/3467\/revisions\/3469"}],"wp:attachment":[{"href":"https:\/\/defrentealaverdad.com\/index.php\/wp-json\/wp\/v2\/media?parent=3467"}],"wp:term":[{"taxonomy":"category","embeddable":true,"href":"https:\/\/defrentealaverdad.com\/index.php\/wp-json\/wp\/v2\/categories?post=3467"},{"taxonomy":"post_tag","embeddable":true,"href":"https:\/\/defrentealaverdad.com\/index.php\/wp-json\/wp\/v2\/tags?post=3467"}],"curies":[{"name":"wp","href":"https:\/\/api.w.org\/{rel}","templated":true}]}}