{"id":3458,"date":"2023-02-01T12:51:14","date_gmt":"2023-02-01T12:51:14","guid":{"rendered":"https:\/\/defrentealaverdad.com\/?p=3458"},"modified":"2023-02-01T12:51:14","modified_gmt":"2023-02-01T12:51:14","slug":"temblor-de-tierra-sacude-peravia-santo-domingo-y-otras-provincias","status":"publish","type":"post","link":"https:\/\/defrentealaverdad.com\/index.php\/2023\/02\/01\/temblor-de-tierra-sacude-peravia-santo-domingo-y-otras-provincias\/","title":{"rendered":"Temblor de tierra sacude Peravia, Santo Domingo y otras provincias"},"content":{"rendered":"<div class=\"top-part\">\n<div class=\"autor-share-holder\">\n<div class=\"autor\">\n<p class=\"text-font\" style=\"text-align: justify;\"><img decoding=\"async\" data-src=\"https:\/\/acentos3.s3.us-east-2.amazonaws.com\/media\/storage02\/uploads\/2023\/02\/terremoto-728x410.png\" data-desktop=\"https:\/\/acentos3.s3.us-east-2.amazonaws.com\/media\/storage02\/uploads\/2023\/02\/terremoto-728x410.png\" data-mobile=\"https:\/\/acentos3.s3.us-east-2.amazonaws.com\/media\/storage02\/uploads\/2023\/02\/terremoto-400x225.png\" src=\"data:image\/svg+xml;base64,PHN2ZyB3aWR0aD0iMSIgaGVpZ2h0PSIxIiB4bWxucz0iaHR0cDovL3d3dy53My5vcmcvMjAwMC9zdmciPjwvc3ZnPg==\" class=\"lazyload\" style=\"--smush-placeholder-width: 728px; --smush-placeholder-aspect-ratio: 728\/410;\" \/><\/p>\n<\/div>\n<\/div>\n<\/div>\n<div class=\"article-body-content\">\n<p style=\"text-align: justify;\">La ma\u00f1ana de este mi\u00e9rcoles, espec\u00edficamente a las 7:11, se registr\u00f3 un fuerte\u00a0<strong>temblor de tierra<\/strong>\u00a0en el pa\u00eds, de una magnitud de 5.3 en la escala de Richter.<\/p>\n<p style=\"text-align: justify;\">El\u00a0<strong>sismo<\/strong>\u00a0tuvo su epicentro\u00a0a 27 kil\u00f3metros de Matanzas,\u00a0provincia Peravia, con una profundidad de 10 kil\u00f3metros, afectando Bahamas, Rep\u00fablica Dominicana, Hait\u00ed, Puerto Rico e Islas Turcas y Caicos.<\/p>\n<p style=\"text-align: justify;\">El\u00a0<strong>terremoto,<\/strong>\u00a0indica el servicio sismol\u00f3gico de\u00a0<strong>Estados Unidos<\/strong>, tuvo un \u00e1rea de expansi\u00f3n de 100 kil\u00f3metros.<\/p>\n<p style=\"text-align: justify;\">Hasta el momento no se han reportado da\u00f1os estructurales a edificaciones o personas lesionadas.<\/p>\n<p style=\"text-align: justify;\">Sin embargo, algunos residentes en distintas partes de Santo Domingo, optaron por salir de sus casas a ra\u00edz del fuerte movimiento tel\u00farico.<\/p>\n<p style=\"text-align: justify;\">La sacudida tambi\u00e9n pudo sentirse en la provincia Duarte, donde el pasado domingo 29 se registr\u00f3 un\u00a0sismo de 5 grados\u00a0en la escala de Richter, a las 2.32 de la tarde.<\/p>\n<p style=\"text-align: justify;\">Dicho temblor tuvo su epicentro a 5 kil\u00f3metros del municipio Arenoso, en la\u00a0provincia Duarte, en el noreste dominicano<\/p>\n<\/div>\n<p>&nbsp;<\/p>\n<p>Fuente: Acento RD<\/p>\n","protected":false},"excerpt":{"rendered":"<p>La ma\u00f1ana de este mi\u00e9rcoles, espec\u00edficamente a las 7:11, se registr\u00f3 un fuerte\u00a0temblor de tierra\u00a0en<\/p>\n","protected":false},"author":1,"featured_media":0,"comment_status":"open","ping_status":"open","sticky":false,"template":"","format":"standard","meta":{"footnotes":""},"categories":[7],"tags":[],"class_list":["post-3458","post","type-post","status-publish","format-standard","hentry","category-nacionales"],"_links":{"self":[{"href":"https:\/\/defrentealaverdad.com\/index.php\/wp-json\/wp\/v2\/posts\/3458","targetHints":{"allow":["GET"]}}],"collection":[{"href":"https:\/\/defrentealaverdad.com\/index.php\/wp-json\/wp\/v2\/posts"}],"about":[{"href":"https:\/\/defrentealaverdad.com\/index.php\/wp-json\/wp\/v2\/types\/post"}],"author":[{"embeddable":true,"href":"https:\/\/defrentealaverdad.com\/index.php\/wp-json\/wp\/v2\/users\/1"}],"replies":[{"embeddable":true,"href":"https:\/\/defrentealaverdad.com\/index.php\/wp-json\/wp\/v2\/comments?post=3458"}],"version-history":[{"count":1,"href":"https:\/\/defrentealaverdad.com\/index.php\/wp-json\/wp\/v2\/posts\/3458\/revisions"}],"predecessor-version":[{"id":3459,"href":"https:\/\/defrentealaverdad.com\/index.php\/wp-json\/wp\/v2\/posts\/3458\/revisions\/3459"}],"wp:attachment":[{"href":"https:\/\/defrentealaverdad.com\/index.php\/wp-json\/wp\/v2\/media?parent=3458"}],"wp:term":[{"taxonomy":"category","embeddable":true,"href":"https:\/\/defrentealaverdad.com\/index.php\/wp-json\/wp\/v2\/categories?post=3458"},{"taxonomy":"post_tag","embeddable":true,"href":"https:\/\/defrentealaverdad.com\/index.php\/wp-json\/wp\/v2\/tags?post=3458"}],"curies":[{"name":"wp","href":"https:\/\/api.w.org\/{rel}","templated":true}]}}