{"id":3453,"date":"2023-01-31T19:03:10","date_gmt":"2023-01-31T19:03:10","guid":{"rendered":"https:\/\/defrentealaverdad.com\/?p=3453"},"modified":"2023-01-31T19:03:20","modified_gmt":"2023-01-31T19:03:20","slug":"inap-reconoce-con-maxima-puntuacion-a-buenas-practicas-de-capacitacion-del-hugo-mendoza","status":"publish","type":"post","link":"https:\/\/defrentealaverdad.com\/index.php\/2023\/01\/31\/inap-reconoce-con-maxima-puntuacion-a-buenas-practicas-de-capacitacion-del-hugo-mendoza\/","title":{"rendered":"INAP reconoce con m\u00e1xima puntuaci\u00f3n a buenas pr\u00e1cticas de capacitaci\u00f3n del Hugo Mendoza"},"content":{"rendered":"<p style=\"text-align: justify;\">Por Felix Rubio<\/p>\n<p style=\"text-align: justify;\"><img decoding=\"async\" class=\"alignnone size-medium wp-image-3454 lazyload\" data-src=\"https:\/\/defrentealaverdad.com\/wp-content\/uploads\/2023\/01\/WhatsApp-Image-2023-01-31-at-14.10.28-1-300x151.jpeg\" alt=\"\" width=\"300\" height=\"151\" data-srcset=\"https:\/\/defrentealaverdad.com\/wp-content\/uploads\/2023\/01\/WhatsApp-Image-2023-01-31-at-14.10.28-1-300x151.jpeg 300w, https:\/\/defrentealaverdad.com\/wp-content\/uploads\/2023\/01\/WhatsApp-Image-2023-01-31-at-14.10.28-1-1024x514.jpeg 1024w, https:\/\/defrentealaverdad.com\/wp-content\/uploads\/2023\/01\/WhatsApp-Image-2023-01-31-at-14.10.28-1-768x385.jpeg 768w, https:\/\/defrentealaverdad.com\/wp-content\/uploads\/2023\/01\/WhatsApp-Image-2023-01-31-at-14.10.28-1-1536x771.jpeg 1536w, https:\/\/defrentealaverdad.com\/wp-content\/uploads\/2023\/01\/WhatsApp-Image-2023-01-31-at-14.10.28-1.jpeg 1592w\" data-sizes=\"(max-width: 300px) 100vw, 300px\" src=\"data:image\/svg+xml;base64,PHN2ZyB3aWR0aD0iMSIgaGVpZ2h0PSIxIiB4bWxucz0iaHR0cDovL3d3dy53My5vcmcvMjAwMC9zdmciPjwvc3ZnPg==\" style=\"--smush-placeholder-width: 300px; --smush-placeholder-aspect-ratio: 300\/151;\" \/><\/p>\n<p style=\"text-align: justify;\">Santo Domingo, R.D.- El instituto Nacional de Administraci\u00f3n P\u00fablica (INAP), reconoci\u00f3 este martes al Hospital Pedi\u00e1trico Dr. Hugo Mendoza (HPHM), por alcanzar la m\u00e1xima puntuaci\u00f3n en el ranking del Plan de Capacitaci\u00f3n del Sistema de Monitoreo de la Administraci\u00f3n P\u00fablica en salud (SISMAP-Salud).<\/p>\n<p style=\"text-align: justify;\">La entidad resalt\u00f3 la gesti\u00f3n de la directora general, doctora Dhamelisse Then y todo su equipo por alcanzar el 100 por ciento en el sub indicador ocho de Gesti\u00f3n del desarrollo y por la implementaci\u00f3n de buenas pr\u00e1cticas para el fomento de competencias del personal.<\/p>\n<p style=\"text-align: justify;\">\u201cMediante la resoluci\u00f3n N\u00fam.001-2023, que trata sobre el exaltamiento de las instituciones que han fomentado la formaci\u00f3n y la capacitaci\u00f3n al servidor p\u00fablico para lograr una trayectoria ejemplar, por servir al estado con devoci\u00f3n, honradez e idoneidad de manera dilatada, entregamos este reconocimiento al Hospital Pedi\u00e1trico Doctor Hugo Mendoza, instituci\u00f3n modelo en el pa\u00eds\u201d expres\u00f3 indic\u00f3 Sonia L\u00f3pez, subdirectora de Mejoramiento institucional.<\/p>\n<p style=\"text-align: justify;\"><img decoding=\"async\" class=\"alignnone size-medium wp-image-3455 lazyload\" data-src=\"https:\/\/defrentealaverdad.com\/wp-content\/uploads\/2023\/01\/WhatsApp-Image-2023-01-31-at-14.10.28-300x120.jpeg\" alt=\"\" width=\"300\" height=\"120\" data-srcset=\"https:\/\/defrentealaverdad.com\/wp-content\/uploads\/2023\/01\/WhatsApp-Image-2023-01-31-at-14.10.28-300x120.jpeg 300w, https:\/\/defrentealaverdad.com\/wp-content\/uploads\/2023\/01\/WhatsApp-Image-2023-01-31-at-14.10.28-1024x410.jpeg 1024w, https:\/\/defrentealaverdad.com\/wp-content\/uploads\/2023\/01\/WhatsApp-Image-2023-01-31-at-14.10.28-768x307.jpeg 768w, https:\/\/defrentealaverdad.com\/wp-content\/uploads\/2023\/01\/WhatsApp-Image-2023-01-31-at-14.10.28-1536x614.jpeg 1536w, https:\/\/defrentealaverdad.com\/wp-content\/uploads\/2023\/01\/WhatsApp-Image-2023-01-31-at-14.10.28.jpeg 1600w\" data-sizes=\"(max-width: 300px) 100vw, 300px\" src=\"data:image\/svg+xml;base64,PHN2ZyB3aWR0aD0iMSIgaGVpZ2h0PSIxIiB4bWxucz0iaHR0cDovL3d3dy53My5vcmcvMjAwMC9zdmciPjwvc3ZnPg==\" style=\"--smush-placeholder-width: 300px; --smush-placeholder-aspect-ratio: 300\/120;\" \/><\/p>\n<p style=\"text-align: justify;\">Asimismo, la doctora Dhamelisse Then, quien estuvo acompa\u00f1ada de los subdirectores del centro, asegur\u00f3 sentirse orgullosa y agradeci\u00f3 al INAP por el reconocimiento que los compromete a seguir fomentando la educaci\u00f3n continua. De igual manera, destac\u00f3 la labor realizada por la subdirecci\u00f3n de Recursos Humanos, dirigida por el Lic. Abner Ramos, quien con gran dedicaci\u00f3n promueve el desarrollo de competencias de todos los colaboradores, quienes diariamente ponen en alto el nombre del hospital trabajando desde la excelencia a favor de los ni\u00f1os, ni\u00f1as y adolescentes\u201c.<\/p>\n<p style=\"text-align: justify;\">La distinci\u00f3n fue entregada por Sonia L\u00f3pez, subdirectora de Mejoramiento institucional y Yolanni Cuesta, Encargada Departamento T\u00e9cnico Acad\u00e9mico y del INAP.<br \/>\nEl Instituto Nacional de la Administraci\u00f3n P\u00fablica busca destacar la trayectoria de aquellas instituciones p\u00fablicas cuyas trayectorias y acciones son ejemplo por lo que a trav\u00e9s del SISMAP mide los niveles de desarrollo y cumplimiento de marco normativos.<\/p>\n<p style=\"text-align: justify;\">\n<p style=\"text-align: justify;\">Fuente: Prensa INAP<\/p>\n","protected":false},"excerpt":{"rendered":"<p>Por Felix Rubio Santo Domingo, R.D.- El instituto Nacional de Administraci\u00f3n P\u00fablica (INAP), reconoci\u00f3 este<\/p>\n","protected":false},"author":1,"featured_media":0,"comment_status":"open","ping_status":"open","sticky":false,"template":"","format":"standard","meta":{"footnotes":""},"categories":[7],"tags":[],"class_list":["post-3453","post","type-post","status-publish","format-standard","hentry","category-nacionales"],"_links":{"self":[{"href":"https:\/\/defrentealaverdad.com\/index.php\/wp-json\/wp\/v2\/posts\/3453","targetHints":{"allow":["GET"]}}],"collection":[{"href":"https:\/\/defrentealaverdad.com\/index.php\/wp-json\/wp\/v2\/posts"}],"about":[{"href":"https:\/\/defrentealaverdad.com\/index.php\/wp-json\/wp\/v2\/types\/post"}],"author":[{"embeddable":true,"href":"https:\/\/defrentealaverdad.com\/index.php\/wp-json\/wp\/v2\/users\/1"}],"replies":[{"embeddable":true,"href":"https:\/\/defrentealaverdad.com\/index.php\/wp-json\/wp\/v2\/comments?post=3453"}],"version-history":[{"count":2,"href":"https:\/\/defrentealaverdad.com\/index.php\/wp-json\/wp\/v2\/posts\/3453\/revisions"}],"predecessor-version":[{"id":3457,"href":"https:\/\/defrentealaverdad.com\/index.php\/wp-json\/wp\/v2\/posts\/3453\/revisions\/3457"}],"wp:attachment":[{"href":"https:\/\/defrentealaverdad.com\/index.php\/wp-json\/wp\/v2\/media?parent=3453"}],"wp:term":[{"taxonomy":"category","embeddable":true,"href":"https:\/\/defrentealaverdad.com\/index.php\/wp-json\/wp\/v2\/categories?post=3453"},{"taxonomy":"post_tag","embeddable":true,"href":"https:\/\/defrentealaverdad.com\/index.php\/wp-json\/wp\/v2\/tags?post=3453"}],"curies":[{"name":"wp","href":"https:\/\/api.w.org\/{rel}","templated":true}]}}