{"id":3449,"date":"2023-01-31T16:25:02","date_gmt":"2023-01-31T16:25:02","guid":{"rendered":"https:\/\/defrentealaverdad.com\/?p=3449"},"modified":"2023-01-31T16:25:02","modified_gmt":"2023-01-31T16:25:02","slug":"conectrd-recibe-premio-por-innovacion-a-traves-de-proindustria","status":"publish","type":"post","link":"https:\/\/defrentealaverdad.com\/index.php\/2023\/01\/31\/conectrd-recibe-premio-por-innovacion-a-traves-de-proindustria\/","title":{"rendered":"CONECTRD recibe premio por innovaci\u00f3n a trav\u00e9s de PROINDUSTRIA"},"content":{"rendered":"<p style=\"text-align: justify;\"><img decoding=\"async\" class=\"alignnone size-medium wp-image-3450 lazyload\" data-src=\"https:\/\/defrentealaverdad.com\/wp-content\/uploads\/2023\/01\/WhatsApp-Image-2023-01-31-at-12.22.10-1-300x169.jpeg\" alt=\"\" width=\"300\" height=\"169\" data-srcset=\"https:\/\/defrentealaverdad.com\/wp-content\/uploads\/2023\/01\/WhatsApp-Image-2023-01-31-at-12.22.10-1-300x169.jpeg 300w, https:\/\/defrentealaverdad.com\/wp-content\/uploads\/2023\/01\/WhatsApp-Image-2023-01-31-at-12.22.10-1-1024x576.jpeg 1024w, https:\/\/defrentealaverdad.com\/wp-content\/uploads\/2023\/01\/WhatsApp-Image-2023-01-31-at-12.22.10-1-768x432.jpeg 768w, https:\/\/defrentealaverdad.com\/wp-content\/uploads\/2023\/01\/WhatsApp-Image-2023-01-31-at-12.22.10-1-1536x864.jpeg 1536w, https:\/\/defrentealaverdad.com\/wp-content\/uploads\/2023\/01\/WhatsApp-Image-2023-01-31-at-12.22.10-1-800x450.jpeg 800w, https:\/\/defrentealaverdad.com\/wp-content\/uploads\/2023\/01\/WhatsApp-Image-2023-01-31-at-12.22.10-1.jpeg 1600w\" data-sizes=\"(max-width: 300px) 100vw, 300px\" src=\"data:image\/svg+xml;base64,PHN2ZyB3aWR0aD0iMSIgaGVpZ2h0PSIxIiB4bWxucz0iaHR0cDovL3d3dy53My5vcmcvMjAwMC9zdmciPjwvc3ZnPg==\" style=\"--smush-placeholder-width: 300px; --smush-placeholder-aspect-ratio: 300\/169;\" \/><\/p>\n<p style=\"text-align: justify;\">La plataforma digital CONECTRD recibi\u00f3 reconocimiento en la categor\u00eda \u00abProyecto Innovador\u00bb en la 2da Feria de Innovaci\u00f3n y Emprendimiento desarrollada por el Centro de Desarrollo y Competitividad Industrial (PROINDUSTRIA).<\/p>\n<p style=\"text-align: justify;\">En esta segunda feria, se entreg\u00f3 casi 2 millones pesos en premios a los ganadores, la premiaci\u00f3n fue realizada en los Jardines del Gran Teatro del Cibao en Santiago.<\/p>\n<p style=\"text-align: justify;\">Durante la feria, el director general de PROINDUSTRIA, Ulises Rodr\u00edguez aprovech\u00f3 para exhortar a los ganadores y sus altas casas de estudio a continuar d\u00e1ndole apoyo a los innovadores \u201cporque en ellos est\u00e1n las simientes del empuje a nuestro desarrollo industrial\u201d.<\/p>\n<p style=\"text-align: justify;\">CONECTRD creada por el ingeniero y docente universitario, Rafael Morillo es un proyecto de innovaci\u00f3n que busca contribuir al desarrollo econ\u00f3mico social a trav\u00e9s de la generaci\u00f3n de oportunidades de empleo y emprendimiento para los j\u00f3venes y profesionales por medio de esta novedosa plataforma.<\/p>\n<p style=\"text-align: justify;\">CONECTRD compiti\u00f3 de la mano de la Universidad Aut\u00f3noma de Santo Domingo (UASD), recinto Santiago, junto a otros proyectos de universidades como PUCMM, INTEC y UNPHU. La UASD extendi\u00f3 sus felicitaciones al apasionado docente mediante comunicaci\u00f3n e invito a la familia acad\u00e9mica de la Primada de Am\u00e9rica a seguir su ejemplo para destacar en el \u00e1rea de emprendimiento e innovaci\u00f3n<\/p>\n<p style=\"text-align: justify;\"><img decoding=\"async\" class=\"alignnone size-medium wp-image-3451 lazyload\" data-src=\"https:\/\/defrentealaverdad.com\/wp-content\/uploads\/2023\/01\/WhatsApp-Image-2023-01-31-at-12.22.10-300x240.jpeg\" alt=\"\" width=\"300\" height=\"240\" data-srcset=\"https:\/\/defrentealaverdad.com\/wp-content\/uploads\/2023\/01\/WhatsApp-Image-2023-01-31-at-12.22.10-300x240.jpeg 300w, https:\/\/defrentealaverdad.com\/wp-content\/uploads\/2023\/01\/WhatsApp-Image-2023-01-31-at-12.22.10-1024x819.jpeg 1024w, https:\/\/defrentealaverdad.com\/wp-content\/uploads\/2023\/01\/WhatsApp-Image-2023-01-31-at-12.22.10-768x614.jpeg 768w, https:\/\/defrentealaverdad.com\/wp-content\/uploads\/2023\/01\/WhatsApp-Image-2023-01-31-at-12.22.10.jpeg 1165w\" data-sizes=\"(max-width: 300px) 100vw, 300px\" src=\"data:image\/svg+xml;base64,PHN2ZyB3aWR0aD0iMSIgaGVpZ2h0PSIxIiB4bWxucz0iaHR0cDovL3d3dy53My5vcmcvMjAwMC9zdmciPjwvc3ZnPg==\" style=\"--smush-placeholder-width: 300px; --smush-placeholder-aspect-ratio: 300\/240;\" \/><\/p>\n<p style=\"text-align: justify;\">De su lado, el ing. Rafael Morillo dijo sentirse muy satisfecho con el reconocimiento e invito a la sociedad Dominicana a creer en el potencial innovador que muchas veces se desarrolla en los pasillos de las universidades, que en ocasiones no recibe apoyo de los diversos sectores productivos pero hay que atreverse en ser parte del cambio.<\/p>\n<p style=\"text-align: justify;\"><strong>Acerca de CONECT RD<\/strong><\/p>\n<p style=\"text-align: justify;\">Es una plataforma que conecta usuarios (clientes) y freelancer (socios) para desarrollar proyectos de manera remota. Cuando un usuario acepta una propuesta de un servicio o producto digital por un valor fijo, realiza el pago del dep\u00f3sito en garant\u00eda, el cual permanece en CONECTRD hasta que finalice satisfactoriamente la compra o hayan transcurrido 72 luego de la entrega definitiva. Una vez que el producto o servicio es entregado, el pago se libera al profesional.<\/p>\n<p style=\"text-align: justify;\">Quienes est\u00e9n interesados en conocer m\u00e1s detalles de CONECT RD, puede acceder a su sitio web www.conectrd.com o seguirle en redes sociales como @conectrd<\/p>\n<p style=\"text-align: justify;\">\n<strong>Acerca del Rafael Morillo<\/strong><\/p>\n<p style=\"text-align: justify;\">Rafael Santiago Morillo Alejo es ingeniero industrial de formaci\u00f3n y un apasionado del emprendimiento. Docente acad\u00e9mico de larga data. Actualmente funge como CEO de los proyectos: Fundaci\u00f3n Arriba RD, WRB STORE y la Plataforma de Emprendimiento y Empleo CONECT.<\/p>\n<p style=\"text-align: justify;\">Docente del Departamento de Ingenier\u00eda Industrial de la Universidad Aut\u00f3noma de Santo Domingo y l\u00edder comunitario enfocado en el desarrollo integral de j\u00f3venes en condici\u00f3n de vulnerabilidad en todo el pa\u00eds.<\/p>\n<p style=\"text-align: justify;\">\n<p style=\"text-align: justify;\">\n<p style=\"text-align: justify;\">Fuente: Comunicaciones Fundaci\u00f3n Arriba RD<\/p>\n","protected":false},"excerpt":{"rendered":"<p>La plataforma digital CONECTRD recibi\u00f3 reconocimiento en la categor\u00eda \u00abProyecto Innovador\u00bb en la 2da Feria<\/p>\n","protected":false},"author":1,"featured_media":0,"comment_status":"open","ping_status":"open","sticky":false,"template":"","format":"standard","meta":{"footnotes":""},"categories":[7,15],"tags":[],"class_list":["post-3449","post","type-post","status-publish","format-standard","hentry","category-nacionales","category-tecnologia"],"_links":{"self":[{"href":"https:\/\/defrentealaverdad.com\/index.php\/wp-json\/wp\/v2\/posts\/3449","targetHints":{"allow":["GET"]}}],"collection":[{"href":"https:\/\/defrentealaverdad.com\/index.php\/wp-json\/wp\/v2\/posts"}],"about":[{"href":"https:\/\/defrentealaverdad.com\/index.php\/wp-json\/wp\/v2\/types\/post"}],"author":[{"embeddable":true,"href":"https:\/\/defrentealaverdad.com\/index.php\/wp-json\/wp\/v2\/users\/1"}],"replies":[{"embeddable":true,"href":"https:\/\/defrentealaverdad.com\/index.php\/wp-json\/wp\/v2\/comments?post=3449"}],"version-history":[{"count":1,"href":"https:\/\/defrentealaverdad.com\/index.php\/wp-json\/wp\/v2\/posts\/3449\/revisions"}],"predecessor-version":[{"id":3452,"href":"https:\/\/defrentealaverdad.com\/index.php\/wp-json\/wp\/v2\/posts\/3449\/revisions\/3452"}],"wp:attachment":[{"href":"https:\/\/defrentealaverdad.com\/index.php\/wp-json\/wp\/v2\/media?parent=3449"}],"wp:term":[{"taxonomy":"category","embeddable":true,"href":"https:\/\/defrentealaverdad.com\/index.php\/wp-json\/wp\/v2\/categories?post=3449"},{"taxonomy":"post_tag","embeddable":true,"href":"https:\/\/defrentealaverdad.com\/index.php\/wp-json\/wp\/v2\/tags?post=3449"}],"curies":[{"name":"wp","href":"https:\/\/api.w.org\/{rel}","templated":true}]}}