{"id":3413,"date":"2023-01-27T13:57:43","date_gmt":"2023-01-27T13:57:43","guid":{"rendered":"https:\/\/defrentealaverdad.com\/?p=3413"},"modified":"2023-01-27T13:57:53","modified_gmt":"2023-01-27T13:57:53","slug":"cesac-gradua-139-nuevos-agente-en-la-xxxii-promocion-avsec","status":"publish","type":"post","link":"https:\/\/defrentealaverdad.com\/index.php\/2023\/01\/27\/cesac-gradua-139-nuevos-agente-en-la-xxxii-promocion-avsec\/","title":{"rendered":"CESAC grad\u00faa 139 nuevos agente en la XXXII promoci\u00f3n AVSEC"},"content":{"rendered":"<p style=\"text-align: justify;\">Por Felix Rubio<\/p>\n<div style=\"text-align: justify;\"><\/div>\n<div style=\"text-align: justify;\"><\/div>\n<div style=\"text-align: justify;\">\n<div>SANTO DOMINGO.-El Cuerpo Especializado en Seguridad Aeroportuaria y de la Aviaci\u00f3n Civil (CESAC), celebr\u00f3 su trig\u00e9sima segunda promoci\u00f3n de agentes AVSEC, \u201cCoronel Rafael Tom\u00e1s Fern\u00e1ndez Dom\u00ednguez\u201d, en la cual gradu\u00f3 139 nuevos agentes que reforzar\u00e1n la seguridad de los aeropuertos a nivel nacional.<\/div>\n<div><\/div>\n<div>\n<div class=\"separator\"><a href=\"https:\/\/blogger.googleusercontent.com\/img\/b\/R29vZ2xl\/AVvXsEgEgB_WxwlXz31JnIrGTP_heIomG4yDXAjToWWrXCpdxUEt01wxk-Ji9iCKN_2o9VsOJhtddFj9mIWVFo_bD3xcE8jWOCg0cMYeDhy1EfflJa_AKYA0ZkJ8cKbPknQtsLe0e3aJqfg7LqjNbbnP7gW1laJ_DYIR2sTmxR3QBt_ISac7y60bGtPAAVTt\/s1024\/IMG-20230126-WA0221.jpg\"><img decoding=\"async\" data-src=\"https:\/\/blogger.googleusercontent.com\/img\/b\/R29vZ2xl\/AVvXsEgEgB_WxwlXz31JnIrGTP_heIomG4yDXAjToWWrXCpdxUEt01wxk-Ji9iCKN_2o9VsOJhtddFj9mIWVFo_bD3xcE8jWOCg0cMYeDhy1EfflJa_AKYA0ZkJ8cKbPknQtsLe0e3aJqfg7LqjNbbnP7gW1laJ_DYIR2sTmxR3QBt_ISac7y60bGtPAAVTt\/s320\/IMG-20230126-WA0221.jpg\" width=\"320\" height=\"213\" border=\"0\" data-original-height=\"682\" data-original-width=\"1024\" src=\"data:image\/svg+xml;base64,PHN2ZyB3aWR0aD0iMSIgaGVpZ2h0PSIxIiB4bWxucz0iaHR0cDovL3d3dy53My5vcmcvMjAwMC9zdmciPjwvc3ZnPg==\" class=\"lazyload\" style=\"--smush-placeholder-width: 320px; --smush-placeholder-aspect-ratio: 320\/213;\" \/><\/a><\/div>\n<\/div>\n<div>El Ministro de Defensa, Teniente General Carlos D\u00edaz Morfa, ERD, encabez\u00f3 la ceremonia de graduaci\u00f3n m\u00faltiple, donde adem\u00e1s de los nuevos AVSEC, fueron investidos otros 121 colaboradores del CESAC con especializaciones en materia de seguridad en diversas \u00e1reas.<\/div>\n<div><\/div>\n<div>\n<div class=\"separator\"><a href=\"https:\/\/blogger.googleusercontent.com\/img\/b\/R29vZ2xl\/AVvXsEjHeAy_SrtH6nKWfmX5mmwQVaKuZ9eQ-mQKszdR0b0xMaQeyqpBoUoHNrfP-UdFwR7l_QyuJ2zWZPjctASPHtAI9rY595HIgmSklY6w7MktH4092S9e4jCylrHy0Zn7QjQgCy217deFNBDbL70CJGrI7vj0hCK4XEDnkNzWdPMrnw8Yp4zhygdQJFy-\/s1024\/IMG-20230126-WA0225.jpg\"><img decoding=\"async\" data-src=\"https:\/\/blogger.googleusercontent.com\/img\/b\/R29vZ2xl\/AVvXsEjHeAy_SrtH6nKWfmX5mmwQVaKuZ9eQ-mQKszdR0b0xMaQeyqpBoUoHNrfP-UdFwR7l_QyuJ2zWZPjctASPHtAI9rY595HIgmSklY6w7MktH4092S9e4jCylrHy0Zn7QjQgCy217deFNBDbL70CJGrI7vj0hCK4XEDnkNzWdPMrnw8Yp4zhygdQJFy-\/s320\/IMG-20230126-WA0225.jpg\" width=\"320\" height=\"213\" border=\"0\" data-original-height=\"682\" data-original-width=\"1024\" src=\"data:image\/svg+xml;base64,PHN2ZyB3aWR0aD0iMSIgaGVpZ2h0PSIxIiB4bWxucz0iaHR0cDovL3d3dy53My5vcmcvMjAwMC9zdmciPjwvc3ZnPg==\" class=\"lazyload\" style=\"--smush-placeholder-width: 320px; --smush-placeholder-aspect-ratio: 320\/213;\" \/><\/a><\/div>\n<\/div>\n<div><\/div>\n<div>El Director General del CESAC, Coronel Floreal Suarez Mart\u00ednez, FARD, acompa\u00f1ado por los altos mandos de las Fuerzas Armadas y la Polic\u00eda Nacional, al hablar en el acto destac\u00f3 que \u201cest\u00e1 graduaci\u00f3n coincide con una de las efem\u00e9rides de gran significaci\u00f3n para la Rep\u00fablica Dominicana: el natalicio del Patricio Juan Pablo Duarte y Diez, dominicano, nacido el 26 de enero de 1,876, fundador de la Sociedad La Trinitaria y principal ide\u00f3logo de la Independencia Nacional, gracias a cuyo hecho hist\u00f3rico somos una naci\u00f3n libre, independiente y soberana\u201d.<\/div>\n<div><\/div>\n<div>\n<div class=\"separator\"><a href=\"https:\/\/blogger.googleusercontent.com\/img\/b\/R29vZ2xl\/AVvXsEiNmi3GQWk5S3RO_AvkZrSCIzq-nVGxby3RA04iAR-Rf5tAlbu0wIVgQQcIfIWdeetZSVL7ldGcFgfUTQgCzmfsp1TVzm8jFtYyBhM-_8XSuvoXODYlmE9yDSg2YOH9RdcOPMgJOyn6nt1s2nuJ_aIBT_dlwmsJBn2V0c3u4wp2Oxcj-8MqE0Lm0mI-\/s1024\/IMG-20230126-WA0224.jpg\"><img decoding=\"async\" data-src=\"https:\/\/blogger.googleusercontent.com\/img\/b\/R29vZ2xl\/AVvXsEiNmi3GQWk5S3RO_AvkZrSCIzq-nVGxby3RA04iAR-Rf5tAlbu0wIVgQQcIfIWdeetZSVL7ldGcFgfUTQgCzmfsp1TVzm8jFtYyBhM-_8XSuvoXODYlmE9yDSg2YOH9RdcOPMgJOyn6nt1s2nuJ_aIBT_dlwmsJBn2V0c3u4wp2Oxcj-8MqE0Lm0mI-\/s320\/IMG-20230126-WA0224.jpg\" width=\"320\" height=\"213\" border=\"0\" data-original-height=\"682\" data-original-width=\"1024\" src=\"data:image\/svg+xml;base64,PHN2ZyB3aWR0aD0iMSIgaGVpZ2h0PSIxIiB4bWxucz0iaHR0cDovL3d3dy53My5vcmcvMjAwMC9zdmciPjwvc3ZnPg==\" class=\"lazyload\" style=\"--smush-placeholder-width: 320px; --smush-placeholder-aspect-ratio: 320\/213;\" \/><\/a><\/div>\n<\/div>\n<div><\/div>\n<div>Resalto adem\u00e1s, \u201cla labor del cuerpo docente que durante los \u00faltimos meses formaron a los 260 graduandos, en las \u00e1reas de seguridad de los aeropuertos, gesti\u00f3n de la seguridad en la aviaci\u00f3n civil, instructores de seguridad, detecci\u00f3n de explosivos y seguridad en carga a\u00e9rea. Los nuevos graduandos cuentan con conocimientos esenciales que permitir\u00e1n reforzar la seguridad a nivel nacional\u201d, puntualiz\u00f3.<\/div>\n<div><\/div>\n<div>\n<div class=\"separator\"><a href=\"https:\/\/blogger.googleusercontent.com\/img\/b\/R29vZ2xl\/AVvXsEh3ULXZlktK1sekKjKmYfWtR-zMTQhYiuZ1IKPIZmAb6xJYH86VpmC0mCjqxLeLhbzr0Uf6BKn70x5oJsnjBkA571En6YLsfWP-S8Uq_JZwY8F-z3mC9kBp2SsLAMibljQgA7qsBKvNtgLPnHSdrBG-MkNURoS-h7sczq6HBoZRzzF1prr-4e2XHk6c\/s1024\/IMG-20230126-WA0226.jpg\"><img decoding=\"async\" data-src=\"https:\/\/blogger.googleusercontent.com\/img\/b\/R29vZ2xl\/AVvXsEh3ULXZlktK1sekKjKmYfWtR-zMTQhYiuZ1IKPIZmAb6xJYH86VpmC0mCjqxLeLhbzr0Uf6BKn70x5oJsnjBkA571En6YLsfWP-S8Uq_JZwY8F-z3mC9kBp2SsLAMibljQgA7qsBKvNtgLPnHSdrBG-MkNURoS-h7sczq6HBoZRzzF1prr-4e2XHk6c\/s320\/IMG-20230126-WA0226.jpg\" width=\"320\" height=\"213\" border=\"0\" data-original-height=\"682\" data-original-width=\"1024\" src=\"data:image\/svg+xml;base64,PHN2ZyB3aWR0aD0iMSIgaGVpZ2h0PSIxIiB4bWxucz0iaHR0cDovL3d3dy53My5vcmcvMjAwMC9zdmciPjwvc3ZnPg==\" class=\"lazyload\" style=\"--smush-placeholder-width: 320px; --smush-placeholder-aspect-ratio: 320\/213;\" \/><\/a><\/div>\n<\/div>\n<div><\/div>\n<div>Exhort\u00f3 a los nuevos graduados a desarrollar con responsabilidad, eficiencia y compromiso el reto de ser garantes de la seguridad para los viajeros, tripulantes y p\u00fablico en general que a diario se movilizan en los aeropuertos del pa\u00eds, \u201cmanteni\u00e9ndose en todo momento vigilantes y protectores en el cumplimiento de sus labores\u201d.<\/div>\n<\/div>\n<div style=\"text-align: justify;\"><\/div>\n<div style=\"text-align: justify;\"><\/div>\n<div style=\"text-align: justify;\">Fuente: Ministerio de Defensa RD<\/div>\n<div><\/div>\n","protected":false},"excerpt":{"rendered":"<p>Por Felix Rubio SANTO DOMINGO.-El Cuerpo Especializado en Seguridad Aeroportuaria y de la Aviaci\u00f3n Civil<\/p>\n","protected":false},"author":1,"featured_media":0,"comment_status":"open","ping_status":"open","sticky":false,"template":"","format":"standard","meta":{"footnotes":""},"categories":[7],"tags":[],"class_list":["post-3413","post","type-post","status-publish","format-standard","hentry","category-nacionales"],"_links":{"self":[{"href":"https:\/\/defrentealaverdad.com\/index.php\/wp-json\/wp\/v2\/posts\/3413","targetHints":{"allow":["GET"]}}],"collection":[{"href":"https:\/\/defrentealaverdad.com\/index.php\/wp-json\/wp\/v2\/posts"}],"about":[{"href":"https:\/\/defrentealaverdad.com\/index.php\/wp-json\/wp\/v2\/types\/post"}],"author":[{"embeddable":true,"href":"https:\/\/defrentealaverdad.com\/index.php\/wp-json\/wp\/v2\/users\/1"}],"replies":[{"embeddable":true,"href":"https:\/\/defrentealaverdad.com\/index.php\/wp-json\/wp\/v2\/comments?post=3413"}],"version-history":[{"count":2,"href":"https:\/\/defrentealaverdad.com\/index.php\/wp-json\/wp\/v2\/posts\/3413\/revisions"}],"predecessor-version":[{"id":3415,"href":"https:\/\/defrentealaverdad.com\/index.php\/wp-json\/wp\/v2\/posts\/3413\/revisions\/3415"}],"wp:attachment":[{"href":"https:\/\/defrentealaverdad.com\/index.php\/wp-json\/wp\/v2\/media?parent=3413"}],"wp:term":[{"taxonomy":"category","embeddable":true,"href":"https:\/\/defrentealaverdad.com\/index.php\/wp-json\/wp\/v2\/categories?post=3413"},{"taxonomy":"post_tag","embeddable":true,"href":"https:\/\/defrentealaverdad.com\/index.php\/wp-json\/wp\/v2\/tags?post=3413"}],"curies":[{"name":"wp","href":"https:\/\/api.w.org\/{rel}","templated":true}]}}