{"id":3398,"date":"2023-01-26T15:56:12","date_gmt":"2023-01-26T15:56:12","guid":{"rendered":"https:\/\/defrentealaverdad.com\/?p=3398"},"modified":"2023-01-26T16:00:23","modified_gmt":"2023-01-26T16:00:23","slug":"la-doctora-controversia-recibe-distincion-de-honor-por-parte-de-cpel-argentina","status":"publish","type":"post","link":"https:\/\/defrentealaverdad.com\/index.php\/2023\/01\/26\/la-doctora-controversia-recibe-distincion-de-honor-por-parte-de-cpel-argentina\/","title":{"rendered":"\u201cLa Doctora Controversia\u201d recibe Distinci\u00f3n de Honor por parte de CPEL (Argentina)"},"content":{"rendered":"<p style=\"text-align: justify;\"><img decoding=\"async\" class=\"alignnone size-medium wp-image-3399 lazyload\" data-src=\"https:\/\/defrentealaverdad.com\/wp-content\/uploads\/2023\/01\/Dra-234x300.png\" alt=\"\" width=\"234\" height=\"300\" data-srcset=\"https:\/\/defrentealaverdad.com\/wp-content\/uploads\/2023\/01\/Dra-234x300.png 234w, https:\/\/defrentealaverdad.com\/wp-content\/uploads\/2023\/01\/Dra.png 601w\" data-sizes=\"(max-width: 234px) 100vw, 234px\" src=\"data:image\/svg+xml;base64,PHN2ZyB3aWR0aD0iMSIgaGVpZ2h0PSIxIiB4bWxucz0iaHR0cDovL3d3dy53My5vcmcvMjAwMC9zdmciPjwvc3ZnPg==\" style=\"--smush-placeholder-width: 234px; --smush-placeholder-aspect-ratio: 234\/300;\" \/><\/p>\n<p>A trav\u00e9s de la entrega de un reconocimiento especial,<strong>\u00a0Krismeli Brito Padilla<\/strong>, mejor conocida como\u00a0<em>\u201cLa Doctora Controversia\u201d,<\/em>\u00a0fue reconocida con\u00a0<em><strong>\u201cDistinci\u00f3n de Honor\u201d<\/strong>\u00a0<\/em>por parte de Centro de Psicolog\u00eda Existencial y Logoterapia \u2013\u00a0<strong>CPEL, de Argentina<\/strong><\/p>\n<p>Con este reconocimiento, Brito Padilla dijo sentirse muy agradecida y orgullosa de representar a nuestro pa\u00eds en medio de profesionales de todo el mundo que actualmente se capacitan y desarrollan en el \u00e1rea de Psicolog\u00eda existencial y Logoterapia. Recientemente Brito Padilla, tambi\u00e9n recibi\u00f3\u00a0<strong>Certificaci\u00f3n Internacional<\/strong>\u00a0en esta importante rama del ser y del saber.<\/p>\n<p>La\u00a0<em>\u201cDra. Controversia\u201d<\/em>, como es conocida la destacada profesional ha desarrollado y participado de manera activa en los medios de comunicaci\u00f3n de nuestro pa\u00eds desde hace m\u00e1s de una d\u00e9cada y en este tiempo ha sido reconocida por sus logros y aportes a la sociedad profesional dominicana, en espacio donde de manera magistral presenta a su audiencia sus habilidades, dotes y conocimiento.<\/p>\n<p><strong>Acerca de Krismeli Brito Padilla<\/strong><\/p>\n<p>Coach Personal, Ejecutiva y Empresarial, Mentora, Abogado, Psic\u00f3loga Criminal, Tanatolog\u00eda y cuidados paliativos. Coach Existencial en Logoterapia certificada por CPEL (Argentina). Comunicadora y Maestra de Ceremonias de larga data.<\/p>\n<p>Produce y conduce el programa\u00a0<strong>\u00abCon la Dra. Controversia\u00bb,<\/strong>\u00a0el cual se transmite de lunes a viernes de 2:30 a 3:30 de la tarde a trav\u00e9s del Nuevo Diario TV, espacio vers\u00e1til y de amplia popularidad en el gusto del pueblo Dominicano. Durante a\u00f1os, ha desarrollado una encomiable labor social y comunitaria en favor de los necesitados de la Rep\u00fablica Dominicana.<\/p>\n<p>&nbsp;<\/p>\n<p>Fuente: Externa<\/p>\n","protected":false},"excerpt":{"rendered":"<p>A trav\u00e9s de la entrega de un reconocimiento especial,\u00a0Krismeli Brito Padilla, mejor conocida como\u00a0\u201cLa Doctora<\/p>\n","protected":false},"author":1,"featured_media":0,"comment_status":"open","ping_status":"open","sticky":false,"template":"","format":"standard","meta":{"footnotes":""},"categories":[7],"tags":[],"class_list":["post-3398","post","type-post","status-publish","format-standard","hentry","category-nacionales"],"_links":{"self":[{"href":"https:\/\/defrentealaverdad.com\/index.php\/wp-json\/wp\/v2\/posts\/3398","targetHints":{"allow":["GET"]}}],"collection":[{"href":"https:\/\/defrentealaverdad.com\/index.php\/wp-json\/wp\/v2\/posts"}],"about":[{"href":"https:\/\/defrentealaverdad.com\/index.php\/wp-json\/wp\/v2\/types\/post"}],"author":[{"embeddable":true,"href":"https:\/\/defrentealaverdad.com\/index.php\/wp-json\/wp\/v2\/users\/1"}],"replies":[{"embeddable":true,"href":"https:\/\/defrentealaverdad.com\/index.php\/wp-json\/wp\/v2\/comments?post=3398"}],"version-history":[{"count":2,"href":"https:\/\/defrentealaverdad.com\/index.php\/wp-json\/wp\/v2\/posts\/3398\/revisions"}],"predecessor-version":[{"id":3401,"href":"https:\/\/defrentealaverdad.com\/index.php\/wp-json\/wp\/v2\/posts\/3398\/revisions\/3401"}],"wp:attachment":[{"href":"https:\/\/defrentealaverdad.com\/index.php\/wp-json\/wp\/v2\/media?parent=3398"}],"wp:term":[{"taxonomy":"category","embeddable":true,"href":"https:\/\/defrentealaverdad.com\/index.php\/wp-json\/wp\/v2\/categories?post=3398"},{"taxonomy":"post_tag","embeddable":true,"href":"https:\/\/defrentealaverdad.com\/index.php\/wp-json\/wp\/v2\/tags?post=3398"}],"curies":[{"name":"wp","href":"https:\/\/api.w.org\/{rel}","templated":true}]}}