{"id":3391,"date":"2023-01-26T15:17:12","date_gmt":"2023-01-26T15:17:12","guid":{"rendered":"https:\/\/defrentealaverdad.com\/?p=3391"},"modified":"2023-01-26T15:17:12","modified_gmt":"2023-01-26T15:17:12","slug":"accra-anuncia-decimo-tercera-edicion-el-galardon-republica-dominicana","status":"publish","type":"post","link":"https:\/\/defrentealaverdad.com\/index.php\/2023\/01\/26\/accra-anuncia-decimo-tercera-edicion-el-galardon-republica-dominicana\/","title":{"rendered":"ACCRA anuncia D\u00e9cimo Tercera Edici\u00f3n El Galard\u00f3n Rep\u00fablica Dominicana"},"content":{"rendered":"<p style=\"text-align: justify;\"><img decoding=\"async\" class=\"size-medium wp-image-3392 aligncenter lazyload\" data-src=\"https:\/\/defrentealaverdad.com\/wp-content\/uploads\/2023\/01\/5161f327-6da4-4898-acb0-f67571ce028a-300x169.jpg\" alt=\"\" width=\"300\" height=\"169\" data-srcset=\"https:\/\/defrentealaverdad.com\/wp-content\/uploads\/2023\/01\/5161f327-6da4-4898-acb0-f67571ce028a-300x169.jpg 300w, https:\/\/defrentealaverdad.com\/wp-content\/uploads\/2023\/01\/5161f327-6da4-4898-acb0-f67571ce028a-1024x576.jpg 1024w, https:\/\/defrentealaverdad.com\/wp-content\/uploads\/2023\/01\/5161f327-6da4-4898-acb0-f67571ce028a-768x432.jpg 768w, https:\/\/defrentealaverdad.com\/wp-content\/uploads\/2023\/01\/5161f327-6da4-4898-acb0-f67571ce028a-1536x864.jpg 1536w, https:\/\/defrentealaverdad.com\/wp-content\/uploads\/2023\/01\/5161f327-6da4-4898-acb0-f67571ce028a-800x450.jpg 800w, https:\/\/defrentealaverdad.com\/wp-content\/uploads\/2023\/01\/5161f327-6da4-4898-acb0-f67571ce028a.jpg 1600w\" data-sizes=\"(max-width: 300px) 100vw, 300px\" src=\"data:image\/svg+xml;base64,PHN2ZyB3aWR0aD0iMSIgaGVpZ2h0PSIxIiB4bWxucz0iaHR0cDovL3d3dy53My5vcmcvMjAwMC9zdmciPjwvc3ZnPg==\" style=\"--smush-placeholder-width: 300px; --smush-placeholder-aspect-ratio: 300\/169;\" \/><\/p>\n<p style=\"text-align: justify;\">La Academia Cristiana de Cronistas de Arte (ACCRA) ofreci\u00f3 detalles de su edici\u00f3n n\u00famero 13, en la Rueda de Prensa celebrada el mi\u00e9rcoles 25 de enero, en el Atrio Central de la Plaza Comercial Acr\u00f3polis Center, ubicada en el mismo centro de la ciudad de Santo Domingo, la capital de la Rep\u00fablica Dominicana.<\/p>\n<p style=\"text-align: justify;\">Directivos de ACCRA informaron que la fecha correspondiente a la 13ava entrega de los Premios \u201cEl Galard\u00f3n Rep\u00fablica Dominicana\u201d, \u00a0<strong>ser\u00e1 celebrada el s\u00e1bado 15 de abril, a las 7 de la noche<\/strong>, en la Sala Manuel Rueda de la Escuela Nacional de Bellas Artes, ubicado en la \u00a0Plaza Iberoamericana, lugar donde se celebr\u00f3 el a\u00f1o pasado.<\/p>\n<p><img decoding=\"async\" class=\"size-medium wp-image-3393 aligncenter lazyload\" data-src=\"https:\/\/defrentealaverdad.com\/wp-content\/uploads\/2023\/01\/bf1f1f7f-461d-468b-80c6-6b483d18a53c-300x169.jpg\" alt=\"\" width=\"300\" height=\"169\" data-srcset=\"https:\/\/defrentealaverdad.com\/wp-content\/uploads\/2023\/01\/bf1f1f7f-461d-468b-80c6-6b483d18a53c-300x169.jpg 300w, https:\/\/defrentealaverdad.com\/wp-content\/uploads\/2023\/01\/bf1f1f7f-461d-468b-80c6-6b483d18a53c-1024x576.jpg 1024w, https:\/\/defrentealaverdad.com\/wp-content\/uploads\/2023\/01\/bf1f1f7f-461d-468b-80c6-6b483d18a53c-768x432.jpg 768w, https:\/\/defrentealaverdad.com\/wp-content\/uploads\/2023\/01\/bf1f1f7f-461d-468b-80c6-6b483d18a53c-1536x864.jpg 1536w, https:\/\/defrentealaverdad.com\/wp-content\/uploads\/2023\/01\/bf1f1f7f-461d-468b-80c6-6b483d18a53c-800x450.jpg 800w, https:\/\/defrentealaverdad.com\/wp-content\/uploads\/2023\/01\/bf1f1f7f-461d-468b-80c6-6b483d18a53c.jpg 1600w\" data-sizes=\"(max-width: 300px) 100vw, 300px\" src=\"data:image\/svg+xml;base64,PHN2ZyB3aWR0aD0iMSIgaGVpZ2h0PSIxIiB4bWxucz0iaHR0cDovL3d3dy53My5vcmcvMjAwMC9zdmciPjwvc3ZnPg==\" style=\"--smush-placeholder-width: 300px; --smush-placeholder-aspect-ratio: 300\/169;\" \/><\/p>\n<p style=\"text-align: justify;\">Asimismo, presentaron a los conductores de la gran noche del arte y la comunicaci\u00f3n cristiana, la que estar\u00e1 a cargo de la avezada comunicadora Nikauly de la Mota, y el creativo y locutor Christian Petit, ambos con vasta experiencia en presentaci\u00f3n de radio y televisi\u00f3n, voz comercial y maestr\u00edas de ceremonias.<\/p>\n<p style=\"text-align: justify;\"><strong><em>\u00abComo novedad tendremos diferentes actividades, culto de acci\u00f3n de gracias, una noche para los artistas urbanos, y conferencias sobre El Ministerio y la Honra, como antesala a la gran fiesta de gala. \u00a0Las actividades se realizar\u00e1n desde el jueves 13, viernes 14 y s\u00e1bado 15 de abril con el Gran Cierre de Gala\u201d,<\/em><\/strong> explicaron miembros de ACCRA.<\/p>\n<p><img decoding=\"async\" class=\"alignnone size-medium wp-image-3394 aligncenter lazyload\" data-src=\"https:\/\/defrentealaverdad.com\/wp-content\/uploads\/2023\/01\/76e44b5a-98c7-4c12-8985-9805b2620682-300x169.jpg\" alt=\"\" width=\"300\" height=\"169\" data-srcset=\"https:\/\/defrentealaverdad.com\/wp-content\/uploads\/2023\/01\/76e44b5a-98c7-4c12-8985-9805b2620682-300x169.jpg 300w, https:\/\/defrentealaverdad.com\/wp-content\/uploads\/2023\/01\/76e44b5a-98c7-4c12-8985-9805b2620682-1024x576.jpg 1024w, https:\/\/defrentealaverdad.com\/wp-content\/uploads\/2023\/01\/76e44b5a-98c7-4c12-8985-9805b2620682-768x432.jpg 768w, https:\/\/defrentealaverdad.com\/wp-content\/uploads\/2023\/01\/76e44b5a-98c7-4c12-8985-9805b2620682-1536x864.jpg 1536w, https:\/\/defrentealaverdad.com\/wp-content\/uploads\/2023\/01\/76e44b5a-98c7-4c12-8985-9805b2620682-800x450.jpg 800w, https:\/\/defrentealaverdad.com\/wp-content\/uploads\/2023\/01\/76e44b5a-98c7-4c12-8985-9805b2620682.jpg 1600w\" data-sizes=\"(max-width: 300px) 100vw, 300px\" src=\"data:image\/svg+xml;base64,PHN2ZyB3aWR0aD0iMSIgaGVpZ2h0PSIxIiB4bWxucz0iaHR0cDovL3d3dy53My5vcmcvMjAwMC9zdmciPjwvc3ZnPg==\" style=\"--smush-placeholder-width: 300px; --smush-placeholder-aspect-ratio: 300\/169;\" \/><\/p>\n<p style=\"text-align: justify;\">M\u00e1s de 30 categor\u00edas, musicales y reconocimientos especiales incluyendo a varias personalidades del \u00e1mbito art\u00edstico y de la comunicaci\u00f3n secular tomando en cuenta su trayectoria en consonancia con los valores, principios y el credo de tan importante gremio. \u00a0Estos recibir\u00e1n un <strong>Galard\u00f3n Especial<\/strong> por su labor, valores y solidaridad a comunidad y la sociedad.<\/p>\n<p style=\"text-align: justify;\">Se aprovech\u00f3 la ocasi\u00f3n para asegurar la realizaci\u00f3n de las ediciones 2023 de los Premios Internacionales en Orlando Florida, Canad\u00e1 y Puerto Rico, en los meses de junio y julio respectivamente. \u00ab<strong><em>Nos hemos propuesto seguir expandiendo la franquicia de Premios El Galard\u00f3n, y ya est\u00e1n avanzadas las conversaciones, para llevarlo a Europa, Costa Rica y Colombia, si Dios as\u00ed lo permite, precisaron miembros de la entidad\u201d<\/em><\/strong><\/p>\n<p style=\"text-align: justify;\">Al finalizar en encuentro con la prensa, los miembros de ACCRA invitaron a la clase art\u00edstica y comunicacional cristiana a seguir respaldando esta iniciativa cuyo principal prop\u00f3sito es reconocer y honrar a hombres y mujeres de la fe, esforzados en la obra del Se\u00f1or, quienes sobresalen con sus talentos, bendiciendo la toda la gente a trav\u00e9s de los medios de comunicaci\u00f3n, la m\u00fasica y las redes sociales pero sobretodo su talento e influencia a favor de la expansi\u00f3n del Reino de Dios.<\/p>\n<p style=\"text-align: justify;\"><strong>M\u00e1s Informaci\u00f3n:\u00a0\u00a0 <\/strong>809-869-1675 \/ 829-994-2652, www.premioselgalardon.org, @premioselgalardon <strong>\u00a0\u00a0\u00a0\u00a0\u00a0\u00a0\u00a0\u00a0\u00a0\u00a0\u00a0\u00a0<\/strong><\/p>\n<p>&nbsp;<\/p>\n<p style=\"text-align: justify;\">Fuente: Prensa ACCRA<\/p>\n","protected":false},"excerpt":{"rendered":"<p>La Academia Cristiana de Cronistas de Arte (ACCRA) ofreci\u00f3 detalles de su edici\u00f3n n\u00famero 13,<\/p>\n","protected":false},"author":2,"featured_media":0,"comment_status":"open","ping_status":"open","sticky":false,"template":"","format":"standard","meta":{"footnotes":""},"categories":[6,7],"tags":[],"class_list":["post-3391","post","type-post","status-publish","format-standard","hentry","category-espectaculos","category-nacionales"],"_links":{"self":[{"href":"https:\/\/defrentealaverdad.com\/index.php\/wp-json\/wp\/v2\/posts\/3391","targetHints":{"allow":["GET"]}}],"collection":[{"href":"https:\/\/defrentealaverdad.com\/index.php\/wp-json\/wp\/v2\/posts"}],"about":[{"href":"https:\/\/defrentealaverdad.com\/index.php\/wp-json\/wp\/v2\/types\/post"}],"author":[{"embeddable":true,"href":"https:\/\/defrentealaverdad.com\/index.php\/wp-json\/wp\/v2\/users\/2"}],"replies":[{"embeddable":true,"href":"https:\/\/defrentealaverdad.com\/index.php\/wp-json\/wp\/v2\/comments?post=3391"}],"version-history":[{"count":1,"href":"https:\/\/defrentealaverdad.com\/index.php\/wp-json\/wp\/v2\/posts\/3391\/revisions"}],"predecessor-version":[{"id":3395,"href":"https:\/\/defrentealaverdad.com\/index.php\/wp-json\/wp\/v2\/posts\/3391\/revisions\/3395"}],"wp:attachment":[{"href":"https:\/\/defrentealaverdad.com\/index.php\/wp-json\/wp\/v2\/media?parent=3391"}],"wp:term":[{"taxonomy":"category","embeddable":true,"href":"https:\/\/defrentealaverdad.com\/index.php\/wp-json\/wp\/v2\/categories?post=3391"},{"taxonomy":"post_tag","embeddable":true,"href":"https:\/\/defrentealaverdad.com\/index.php\/wp-json\/wp\/v2\/tags?post=3391"}],"curies":[{"name":"wp","href":"https:\/\/api.w.org\/{rel}","templated":true}]}}