{"id":3364,"date":"2023-01-25T15:56:50","date_gmt":"2023-01-25T15:56:50","guid":{"rendered":"https:\/\/defrentealaverdad.com\/?p=3364"},"modified":"2023-01-25T15:57:16","modified_gmt":"2023-01-25T15:57:16","slug":"cesac-celebra-misa-de-accion-de-gracias-por-su-26-aniversario","status":"publish","type":"post","link":"https:\/\/defrentealaverdad.com\/index.php\/2023\/01\/25\/cesac-celebra-misa-de-accion-de-gracias-por-su-26-aniversario\/","title":{"rendered":"CESAC celebra misa de Acci\u00f3n de Gracias por su 26 Aniversario"},"content":{"rendered":"<p style=\"text-align: justify;\">Por Felix Rubio<\/p>\n<p style=\"text-align: justify;\"><img decoding=\"async\" data-src=\"https:\/\/blogger.googleusercontent.com\/img\/b\/R29vZ2xl\/AVvXsEjQwRDMJhtdXuOshoa1WoXExU3cvXq3xNeSI422rkohngzra1Wgm5MI6fBtId-wn4EVq9MnOM_W-NRa8s669VigsLrw2MUpMf_t3sh6CnQy-Q4s0hI6tHshiiz1cbWaa0SJRVn9Vb1w-pj5b05zRJHjHN5YHywp05dy-Apw4dnzJ5pVWyp47q_Tvj2Y\/w400-h266\/IMG-20230124-WA0198.jpg\" src=\"data:image\/svg+xml;base64,PHN2ZyB3aWR0aD0iMSIgaGVpZ2h0PSIxIiB4bWxucz0iaHR0cDovL3d3dy53My5vcmcvMjAwMC9zdmciPjwvc3ZnPg==\" class=\"lazyload\" \/><br \/>\nSANTO DOMINGO.-Como agradecimiento al \u201cDios Todopoderoso\u201d, el Cuerpo Especializado en Seguridad Aeroportuaria y de la Aviaci\u00f3n Civil (CESAC) celebr\u00f3 con una eucarist\u00eda el inicio de las actividades de su 26 a\u00f1os de labor ininterrumpida al servicio de la seguridad de la aviaci\u00f3n civil.<\/p>\n<p style=\"text-align: justify;\"><img decoding=\"async\" data-src=\"https:\/\/blogger.googleusercontent.com\/img\/b\/R29vZ2xl\/AVvXsEglgQ3BOmVUrw7qF45BTnieCntqDT-90kvKkLCHDdxJWgjjQOxIPdYLYcdx9lVSI2PfK6c5eut4R59fy3TC_PSOyXzfgU65PxFqjbZkchfPMPd2fFG0tBkvTqGuLcBYENVJdQDFfDQnqJA_lsDvEbjW_0hqycpwT5Uut1_rztjOtri2PJl5M9SCLYLf\/s320\/IMG-20230124-WA0200.jpg\" src=\"data:image\/svg+xml;base64,PHN2ZyB3aWR0aD0iMSIgaGVpZ2h0PSIxIiB4bWxucz0iaHR0cDovL3d3dy53My5vcmcvMjAwMC9zdmciPjwvc3ZnPg==\" class=\"lazyload\" \/><\/p>\n<p style=\"text-align: justify;\">Esta actividad conmemorativa que marca el inicio de las actividades por el aniversario del CESAC, fue encabezada por el Ministro de Defensa Teniente General Carlos Luciano D\u00edaz Morfa, ERD., y el Director General de la instituci\u00f3n, Coronel Piloto, Floreal Su\u00e1rez Mart\u00ednez, FARD.<\/p>\n<p style=\"text-align: justify;\">La eucar\u00edstica fue oficiada por el reverendo padre capell\u00e1n castrense, Gerardo Ram\u00edrez Paniagua, ERD., en la parroquia Nuestra Se\u00f1ora de la Altagracia del Ministerio de Defensa (MIDE), donde el director general del CESAC manifest\u00f3 su agradecimiento \u201ca Dios por permitirme dirigir esta valiosa instituci\u00f3n que d\u00eda tras d\u00eda garantiza la seguridad de quienes entran y salen del pa\u00eds por la v\u00eda a\u00e9rea\u201d.<\/p>\n<p style=\"text-align: justify;\"><img decoding=\"async\" data-src=\"https:\/\/blogger.googleusercontent.com\/img\/b\/R29vZ2xl\/AVvXsEg8x6VWIeDPQ5jWwjeIcV_kjmSNSe2XkKcaoMAdMAlI-KAPY6IGf5-ES0LohYVGtiQoNqRBjPumDkQt0NaifgJ8z6vGoMtV--dCxYcGpKmQW1L5mbz0zW5A4awpOMByWncn36fYnNl5AspTtCI_Wnj4LY2JxmOVyd3LlxPInrEm7szbVRwCwUaafOHH\/s320\/IMG-20230124-WA0197.jpg\" src=\"data:image\/svg+xml;base64,PHN2ZyB3aWR0aD0iMSIgaGVpZ2h0PSIxIiB4bWxucz0iaHR0cDovL3d3dy53My5vcmcvMjAwMC9zdmciPjwvc3ZnPg==\" class=\"lazyload\" \/><\/p>\n<p style=\"text-align: justify;\">Ratific\u00f3 el compromiso de la instituci\u00f3n en el fortalecimiento de las medidas, procedimientos y vigilancia de la seguridad aeroportuaria, y reconoci\u00f3 la labor desempe\u00f1ada por los colaboradores de ese Cuerpo Especializado, \u201cque durante 26 a\u00f1os se han mantenido al servicio de la seguridad en los aeropuertos del pa\u00eds.\u201d<\/p>\n<p style=\"text-align: justify;\">Al celebrar el XXVI Aniversario el CESAC reafirma el compromiso con la seguridad permanecer\u00e1 firme en los pr\u00f3ximos a\u00f1os, asegurando que los aeropuertos continuar\u00e1n siendo lugares seguros para los viajeros y el personal de la industria de la aviaci\u00f3n.<\/p>\n<p>&nbsp;<\/p>\n<p>Fuente: Prensa CESAC<\/p>\n","protected":false},"excerpt":{"rendered":"<p>Por Felix Rubio SANTO DOMINGO.-Como agradecimiento al \u201cDios Todopoderoso\u201d, el Cuerpo Especializado en Seguridad Aeroportuaria<\/p>\n","protected":false},"author":1,"featured_media":0,"comment_status":"open","ping_status":"open","sticky":false,"template":"","format":"standard","meta":{"footnotes":""},"categories":[7],"tags":[],"class_list":["post-3364","post","type-post","status-publish","format-standard","hentry","category-nacionales"],"_links":{"self":[{"href":"https:\/\/defrentealaverdad.com\/index.php\/wp-json\/wp\/v2\/posts\/3364","targetHints":{"allow":["GET"]}}],"collection":[{"href":"https:\/\/defrentealaverdad.com\/index.php\/wp-json\/wp\/v2\/posts"}],"about":[{"href":"https:\/\/defrentealaverdad.com\/index.php\/wp-json\/wp\/v2\/types\/post"}],"author":[{"embeddable":true,"href":"https:\/\/defrentealaverdad.com\/index.php\/wp-json\/wp\/v2\/users\/1"}],"replies":[{"embeddable":true,"href":"https:\/\/defrentealaverdad.com\/index.php\/wp-json\/wp\/v2\/comments?post=3364"}],"version-history":[{"count":1,"href":"https:\/\/defrentealaverdad.com\/index.php\/wp-json\/wp\/v2\/posts\/3364\/revisions"}],"predecessor-version":[{"id":3365,"href":"https:\/\/defrentealaverdad.com\/index.php\/wp-json\/wp\/v2\/posts\/3364\/revisions\/3365"}],"wp:attachment":[{"href":"https:\/\/defrentealaverdad.com\/index.php\/wp-json\/wp\/v2\/media?parent=3364"}],"wp:term":[{"taxonomy":"category","embeddable":true,"href":"https:\/\/defrentealaverdad.com\/index.php\/wp-json\/wp\/v2\/categories?post=3364"},{"taxonomy":"post_tag","embeddable":true,"href":"https:\/\/defrentealaverdad.com\/index.php\/wp-json\/wp\/v2\/tags?post=3364"}],"curies":[{"name":"wp","href":"https:\/\/api.w.org\/{rel}","templated":true}]}}