{"id":3353,"date":"2023-01-25T15:12:16","date_gmt":"2023-01-25T15:12:16","guid":{"rendered":"https:\/\/defrentealaverdad.com\/?p=3353"},"modified":"2023-01-25T15:22:04","modified_gmt":"2023-01-25T15:22:04","slug":"ministerio-de-defensa-y-junta-de-retiro-inauguran-modulo-de-telemedicina-para-los-retirados-de-las-ffaa","status":"publish","type":"post","link":"https:\/\/defrentealaverdad.com\/index.php\/2023\/01\/25\/ministerio-de-defensa-y-junta-de-retiro-inauguran-modulo-de-telemedicina-para-los-retirados-de-las-ffaa\/","title":{"rendered":"Ministerio de Defensa y Junta de Retiro inauguran m\u00f3dulo de telemedicina para los retirados de las FFAA"},"content":{"rendered":"<p style=\"text-align: justify;\">Por Felix Rubio<\/p>\n<p style=\"text-align: justify;\"><img decoding=\"async\" class=\"aligncenter lazyload\" data-src=\"https:\/\/blogger.googleusercontent.com\/img\/b\/R29vZ2xl\/AVvXsEgg6m_eq-442kJQL41M-EeNtpykmx6frSBQsJv2B70GSZXtht8HoDjeFrMnykKnh7nl4B6PlXsF-0bcPAuxwkUA2M7GTtnqGdJXOPy9GQwH6FLHng6CzOK2DnZogvUo8rIoNOnG9fBAK5PRP7p0FTEdQf-d7IP8zBhNfYDQjyHmABnWnUoiSH7ihhRr\/w400-h266\/IMG-20230120-WA0198.jpg\" src=\"data:image\/svg+xml;base64,PHN2ZyB3aWR0aD0iMSIgaGVpZ2h0PSIxIiB4bWxucz0iaHR0cDovL3d3dy53My5vcmcvMjAwMC9zdmciPjwvc3ZnPg==\" \/><\/p>\n<p style=\"text-align: justify;\">Santo Domingo.- El ministro de la Defensa, teniente general, Carlos Luciano D\u00edaz Morfa, dej\u00f3 inaugurado un m\u00f3dulo de telemedicina para que los miliares pensionados y retirados de las Fuerzas Armadas puedan realizarse diagn\u00f3sticos en distintas \u00e1reas de la salud, sin tener que trasladarse a otros lugares.<\/p>\n<p><img decoding=\"async\" class=\"aligncenter lazyload\" data-src=\"https:\/\/blogger.googleusercontent.com\/img\/b\/R29vZ2xl\/AVvXsEj51EtF4s5Puq-liRH8ISaSA5Tvj28ZRvS2t8uVVo2DMlXVCsBC5uj9RCX-Uz--4K63k8xvnvkLvK-m7TS-9iu4sDMiahxJ7nqFDDFKl4hhtHbNZYg-nkydO8HKjT9nFuOJM6g9IJUFBi5UoIilS3iugN4lD-oM6Oh-hUBVSVrxQ7Kw5DtmsxLIsEJY\/s320\/IMG-20230120-WA0199.jpg\" src=\"data:image\/svg+xml;base64,PHN2ZyB3aWR0aD0iMSIgaGVpZ2h0PSIxIiB4bWxucz0iaHR0cDovL3d3dy53My5vcmcvMjAwMC9zdmciPjwvc3ZnPg==\" \/><\/p>\n<p style=\"text-align: justify;\">La unidad tiene como objetivo facilitar el uso de modernas tecnolog\u00edas m\u00e9dicas, para que el Ministerio de Defensa, la Junta de Retiro y Fondos de Pensiones de las Fuerzas Armadas, junto al Grupo SUILROD, puedan detectar cualquier situaci\u00f3n de salud que pudiera estar padeciendo alg\u00fan miembro de la Junta de Retiro y de esa manera poder corregirlo a tiempo, sostuvo D\u00edaz Morfa.<\/p>\n<p><img decoding=\"async\" class=\"aligncenter lazyload\" data-src=\"https:\/\/blogger.googleusercontent.com\/img\/b\/R29vZ2xl\/AVvXsEgcmhPDbw1ehU93n4fCQHvfFNIXW-3lIFciQi9jsbSRJHmNWHMLUnhdVeQJrJClUrtlQIjVdTc0DYDwxa-1qBUmCmoRvff2TvwVvLy37jfVwuXdIEdtEUzMUfUq0InrFR_fyz4_XkgsdzVsbSRoJiWgU05uI1NpCdE0d6SxQg8SngHlctzjduw7v_HA\/s320\/IMG-20230120-WA0200.jpg\" src=\"data:image\/svg+xml;base64,PHN2ZyB3aWR0aD0iMSIgaGVpZ2h0PSIxIiB4bWxucz0iaHR0cDovL3d3dy53My5vcmcvMjAwMC9zdmciPjwvc3ZnPg==\" \/><\/p>\n<p style=\"text-align: justify;\">El acto de inauguraci\u00f3n el ministro de Defensa estuvo acompa\u00f1ado del general Julio C\u00e9sar Hern\u00e1ndez Olivero, presidente de la Junta de Retiro y Fondo Pensiones de las Fuerzas Armadas, quien afirm\u00f3 que desde su llegada a la instituci\u00f3n se propuso mejorar la calidad de vida de los hombres y mujeres que dedicaron su vida a los organismos castrenses.<\/p>\n<p style=\"text-align: justify;\">\n<p style=\"text-align: justify;\">\u201cEsta obra dignifica la entrega en el servicio de nuestros valiosos militares pensionados, quienes merecen experimentar un grato momento, cuando requieran de alg\u00fan servicio o necesiten acudir a estas instalaciones de la Junta de Retiro\u201d, manifest\u00f3 el teniente general D\u00edaz Morfa al realizar el corte de cinta que dej\u00f3 inaugurado el espacio.<\/p>\n<p style=\"text-align: justify;\">\n<p style=\"text-align: justify;\">El m\u00f3dulo de telemedicina est\u00e1 ubicado en la sede principal de la Junta de Retiro, instituci\u00f3n localizada en el mismo per\u00edmetro del Ministerio de Defensa.<\/p>\n<p style=\"text-align: justify;\"><img decoding=\"async\" class=\"aligncenter lazyload\" data-src=\"https:\/\/blogger.googleusercontent.com\/img\/b\/R29vZ2xl\/AVvXsEjgY0xCC9tZZl6uyDdQQZY-4__di9vDT2Zs9pIzdhnABvmjK72vDpnA1VmOtFijLCjNHEY2788e31sCw914IwJaMc-lI7bmi6pEpMbbZCCtAV65KFFLpKLxcmdxyCkjatVJjdWXHs_F_pW6LcRb3N1qZAzRW9iTS06g-_fY_NIvrrBcUAhGyNTECOln\/s320\/IMG-20230120-WA0203.jpg\" src=\"data:image\/svg+xml;base64,PHN2ZyB3aWR0aD0iMSIgaGVpZ2h0PSIxIiB4bWxucz0iaHR0cDovL3d3dy53My5vcmcvMjAwMC9zdmciPjwvc3ZnPg==\" \/><\/p>\n<p style=\"text-align: justify;\">Entre las particularidades del acuerdo firmando con la empresa prestadora del servicio m\u00e9dico est\u00e1 que los usuarios no tendr\u00e1n que realizar copagos, ya que solo tienen que presentar su carnet del seguro SeNaSa y las necesidades m\u00e9dicas que requieran estar\u00e1n cubiertas en su totalidad. As\u00ed lo explic\u00f3 el presidente de la Junta de Retiro ante las autoridades de esa instituci\u00f3n que le acompa\u00f1aron durante la inauguraci\u00f3n del m\u00f3dulo.<\/p>\n<p style=\"text-align: justify;\">\n<p style=\"text-align: justify;\">Entre los servicios que tendr\u00e1n acceso figuran consultas m\u00e9dicas en medicina general, interna y familiar, as\u00ed como en las especialidades de diabetolog\u00eda, cardiolog\u00eda, pediatr\u00eda, ginecolog\u00eda, psicolog\u00eda, nutrici\u00f3n, odontolog\u00eda, oftalmolog\u00eda, neurolog\u00eda, nefrolog\u00eda, endocrinolog\u00eda, psiquiatr\u00eda, geriatr\u00eda y gastroenterolog\u00eda, todas sin ning\u00fan tipo de costo adicional.<\/p>\n<p style=\"text-align: justify;\">\n<p style=\"text-align: justify;\">\u201cEl Teniente General Carlos Luciano D\u00edaz Morfa, cada d\u00eda est\u00e1 pendiente de sus militares retirados, y constantemente nos ordena velar y ejecutar nuevos planes y mejoras en los beneficios que estos reciben, que es la intenci\u00f3n de nuestro excelent\u00edsimo se\u00f1or Presidente Luis Abinader\u201d, subray\u00f3 el\u00a0 general Hern\u00e1ndez Olivero.<\/p>\n<p style=\"text-align: justify;\">\n<p style=\"text-align: justify;\">Fuente: Prensa Ministerio de la Defensa RD<\/p>\n","protected":false},"excerpt":{"rendered":"<p>Por Felix Rubio Santo Domingo.- El ministro de la Defensa, teniente general, Carlos Luciano D\u00edaz<\/p>\n","protected":false},"author":1,"featured_media":0,"comment_status":"open","ping_status":"open","sticky":false,"template":"","format":"standard","meta":{"footnotes":""},"categories":[7],"tags":[],"class_list":["post-3353","post","type-post","status-publish","format-standard","hentry","category-nacionales"],"_links":{"self":[{"href":"https:\/\/defrentealaverdad.com\/index.php\/wp-json\/wp\/v2\/posts\/3353","targetHints":{"allow":["GET"]}}],"collection":[{"href":"https:\/\/defrentealaverdad.com\/index.php\/wp-json\/wp\/v2\/posts"}],"about":[{"href":"https:\/\/defrentealaverdad.com\/index.php\/wp-json\/wp\/v2\/types\/post"}],"author":[{"embeddable":true,"href":"https:\/\/defrentealaverdad.com\/index.php\/wp-json\/wp\/v2\/users\/1"}],"replies":[{"embeddable":true,"href":"https:\/\/defrentealaverdad.com\/index.php\/wp-json\/wp\/v2\/comments?post=3353"}],"version-history":[{"count":5,"href":"https:\/\/defrentealaverdad.com\/index.php\/wp-json\/wp\/v2\/posts\/3353\/revisions"}],"predecessor-version":[{"id":3358,"href":"https:\/\/defrentealaverdad.com\/index.php\/wp-json\/wp\/v2\/posts\/3353\/revisions\/3358"}],"wp:attachment":[{"href":"https:\/\/defrentealaverdad.com\/index.php\/wp-json\/wp\/v2\/media?parent=3353"}],"wp:term":[{"taxonomy":"category","embeddable":true,"href":"https:\/\/defrentealaverdad.com\/index.php\/wp-json\/wp\/v2\/categories?post=3353"},{"taxonomy":"post_tag","embeddable":true,"href":"https:\/\/defrentealaverdad.com\/index.php\/wp-json\/wp\/v2\/tags?post=3353"}],"curies":[{"name":"wp","href":"https:\/\/api.w.org\/{rel}","templated":true}]}}