{"id":3349,"date":"2023-01-24T19:49:32","date_gmt":"2023-01-24T19:49:32","guid":{"rendered":"https:\/\/defrentealaverdad.com\/?p=3349"},"modified":"2023-01-24T19:49:32","modified_gmt":"2023-01-24T19:49:32","slug":"tony-luna-se-proyecta-como-el-nuevo-presidente-del-colegio-dominicano-de-locutores","status":"publish","type":"post","link":"https:\/\/defrentealaverdad.com\/index.php\/2023\/01\/24\/tony-luna-se-proyecta-como-el-nuevo-presidente-del-colegio-dominicano-de-locutores\/","title":{"rendered":"Tony Luna se proyecta como el nuevo presidente del Colegio Dominicano de Locutores"},"content":{"rendered":"<p style=\"text-align: justify;\"><img decoding=\"async\" class=\"alignnone size-medium wp-image-3350 lazyload\" data-src=\"https:\/\/defrentealaverdad.com\/wp-content\/uploads\/2023\/01\/WhatsApp-Image-2023-01-24-at-13.20.01-1-300x188.jpeg\" alt=\"\" width=\"300\" height=\"188\" data-srcset=\"https:\/\/defrentealaverdad.com\/wp-content\/uploads\/2023\/01\/WhatsApp-Image-2023-01-24-at-13.20.01-1-300x188.jpeg 300w, https:\/\/defrentealaverdad.com\/wp-content\/uploads\/2023\/01\/WhatsApp-Image-2023-01-24-at-13.20.01-1-768x482.jpeg 768w, https:\/\/defrentealaverdad.com\/wp-content\/uploads\/2023\/01\/WhatsApp-Image-2023-01-24-at-13.20.01-1.jpeg 1024w\" data-sizes=\"(max-width: 300px) 100vw, 300px\" src=\"data:image\/svg+xml;base64,PHN2ZyB3aWR0aD0iMSIgaGVpZ2h0PSIxIiB4bWxucz0iaHR0cDovL3d3dy53My5vcmcvMjAwMC9zdmciPjwvc3ZnPg==\" style=\"--smush-placeholder-width: 300px; --smush-placeholder-aspect-ratio: 300\/188;\" \/><\/p>\n<p style=\"text-align: justify;\">Santo Domingo.-El destacado locutor <strong>Tony Luna s<\/strong>e proyecta como el nuevo presidente del Colegio Dominicano de Locutores, gremio que re\u00fane a los profesionales de la locuci\u00f3n en Rep\u00fablica Dominicana, quienes celebran sus elecciones el domingo 29 del mes en curso.<\/p>\n<p style=\"text-align: justify;\">\u201cA partir del 29 de enero, ya siendo electo presidente del Colegio Dominicano de Locutores, vamos a enfocarnos en canalizar oportunidades para la clase locutoril a nivel nacional\u201d, a\u00f1adi\u00f3.<\/p>\n<p style=\"text-align: justify;\">Un profesional de la radio que empez\u00f3 escuchando locutores presentando discos, dando el nombre de la orquesta, compositor y a\u00f1o del tema, hoy busca dirigir los profesionales de la voz.<\/p>\n<p style=\"text-align: justify;\"><strong>Trayectoria Profesional\u00a0<\/strong><\/p>\n<p style=\"text-align: justify;\"><img decoding=\"async\" class=\"alignnone size-medium wp-image-3351 lazyload\" data-src=\"https:\/\/defrentealaverdad.com\/wp-content\/uploads\/2023\/01\/WhatsApp-Image-2023-01-24-at-13.20.01-289x300.jpeg\" alt=\"\" width=\"289\" height=\"300\" data-srcset=\"https:\/\/defrentealaverdad.com\/wp-content\/uploads\/2023\/01\/WhatsApp-Image-2023-01-24-at-13.20.01-289x300.jpeg 289w, https:\/\/defrentealaverdad.com\/wp-content\/uploads\/2023\/01\/WhatsApp-Image-2023-01-24-at-13.20.01-768x799.jpeg 768w, https:\/\/defrentealaverdad.com\/wp-content\/uploads\/2023\/01\/WhatsApp-Image-2023-01-24-at-13.20.01.jpeg 906w\" data-sizes=\"(max-width: 289px) 100vw, 289px\" src=\"data:image\/svg+xml;base64,PHN2ZyB3aWR0aD0iMSIgaGVpZ2h0PSIxIiB4bWxucz0iaHR0cDovL3d3dy53My5vcmcvMjAwMC9zdmciPjwvc3ZnPg==\" style=\"--smush-placeholder-width: 289px; --smush-placeholder-aspect-ratio: 289\/300;\" \/><br \/>\nLuna ha trabajado para Radio Educativa Dominicana con Luis Lebr\u00f3n y Teodoro Furcal , a quienes agradece la oportunidad y la confianza que le brindaron para trabajar a su lado. Tambi\u00e9n fue parte de Minera 90.7 y La Voz de las Fuerzas Armadas 106.9 FM.<\/p>\n<p style=\"text-align: justify;\">Es el productor de programas \u00a0\u201cRecuerdos Solamente Recuerdos\u201d, \u201cMerengue y su Historia\u201d, por La Voz De Las Fuerzas Armadas 106.9 y 102.7 FM.<\/p>\n<p style=\"text-align: justify;\">Tambi\u00e9n director de Toclasico.com, emisora online 24\/7 que coloca merengue , bachata, salsa, t\u00edpico, bolero, balada , ranchera y son.<\/p>\n<p>&nbsp;<\/p>\n<p>Fuente: Yisus Taveras<\/p>\n","protected":false},"excerpt":{"rendered":"<p>Santo Domingo.-El destacado locutor Tony Luna se proyecta como el nuevo presidente del Colegio Dominicano<\/p>\n","protected":false},"author":1,"featured_media":0,"comment_status":"open","ping_status":"open","sticky":false,"template":"","format":"standard","meta":{"footnotes":""},"categories":[7],"tags":[],"class_list":["post-3349","post","type-post","status-publish","format-standard","hentry","category-nacionales"],"_links":{"self":[{"href":"https:\/\/defrentealaverdad.com\/index.php\/wp-json\/wp\/v2\/posts\/3349","targetHints":{"allow":["GET"]}}],"collection":[{"href":"https:\/\/defrentealaverdad.com\/index.php\/wp-json\/wp\/v2\/posts"}],"about":[{"href":"https:\/\/defrentealaverdad.com\/index.php\/wp-json\/wp\/v2\/types\/post"}],"author":[{"embeddable":true,"href":"https:\/\/defrentealaverdad.com\/index.php\/wp-json\/wp\/v2\/users\/1"}],"replies":[{"embeddable":true,"href":"https:\/\/defrentealaverdad.com\/index.php\/wp-json\/wp\/v2\/comments?post=3349"}],"version-history":[{"count":1,"href":"https:\/\/defrentealaverdad.com\/index.php\/wp-json\/wp\/v2\/posts\/3349\/revisions"}],"predecessor-version":[{"id":3352,"href":"https:\/\/defrentealaverdad.com\/index.php\/wp-json\/wp\/v2\/posts\/3349\/revisions\/3352"}],"wp:attachment":[{"href":"https:\/\/defrentealaverdad.com\/index.php\/wp-json\/wp\/v2\/media?parent=3349"}],"wp:term":[{"taxonomy":"category","embeddable":true,"href":"https:\/\/defrentealaverdad.com\/index.php\/wp-json\/wp\/v2\/categories?post=3349"},{"taxonomy":"post_tag","embeddable":true,"href":"https:\/\/defrentealaverdad.com\/index.php\/wp-json\/wp\/v2\/tags?post=3349"}],"curies":[{"name":"wp","href":"https:\/\/api.w.org\/{rel}","templated":true}]}}