{"id":33436,"date":"2024-11-25T23:23:50","date_gmt":"2024-11-25T23:23:50","guid":{"rendered":"https:\/\/defrentealaverdad.com\/?p=33436"},"modified":"2024-11-25T23:23:50","modified_gmt":"2024-11-25T23:23:50","slug":"blady5-7-estrena-su-nuevo-exito-musical-el-barraco-del-tablon","status":"publish","type":"post","link":"https:\/\/defrentealaverdad.com\/index.php\/2024\/11\/25\/blady5-7-estrena-su-nuevo-exito-musical-el-barraco-del-tablon\/","title":{"rendered":"Blady5.7 Estrena su Nuevo \u00c9xito Musical: El Barraco del Tabl\u00f3n"},"content":{"rendered":"<p style=\"text-align: justify;\">Santo Domingo, Rep\u00fablica Dominicana. Jos\u00e9 Bladimir Castillo, mejor conocido como Blady5.7, contin\u00faa consolid\u00e1ndose como una de las figuras m\u00e1s vers\u00e1tiles y prometedoras de la m\u00fasica dominicana con el lanzamiento de su nuevo sencillo, \u00abEl Barraco del Tabl\u00f3n\u00bb. Este tema, inspirado en historias reales y cargado de emociones, est\u00e1 conquistando a los dominicanos y al p\u00fablico internacional gracias a su pegajoso ritmo t\u00edpico al acorde\u00f3n.<\/p>\n<p style=\"text-align: justify;\">El videoclip de El Barraco del Tabl\u00f3n fue filmado en el pintoresco R\u00edo San Juan, tierra natal de Blady5.7, y cuenta con la participaci\u00f3n especial de su abuelo como protagonista, a\u00f1adiendo un toque de autenticidad y nostalgia a esta producci\u00f3n. Este lanzamiento reafirma el compromiso del artista por resaltar las ra\u00edces culturales dominicanas, mientras innova con fusiones musicales que incluyen merengue t\u00edpico, bachata y m\u00fasica urbana.<\/p>\n<p style=\"text-align: justify;\">Blady5.7 se dio a conocer con su exitoso tema \u00abT\u00fa Supiste\u00bb, el cual lo llev\u00f3 a presentarse en grandes festivales y eventos en diversos pa\u00edses, gan\u00e1ndose el reconocimiento como un artista integral y polifac\u00e9tico. Residente en Canad\u00e1 desde hace varios a\u00f1os, ha trabajado incansablemente para posicionar la m\u00fasica dominicana en escenarios internacionales, impregnando en sus canciones la esencia de su cultura y sus vivencias personales.<\/p>\n<p style=\"text-align: justify;\">\u00abEl Barraco del Tabl\u00f3n\u00bb representa un paso m\u00e1s en su ascendente carrera, demostrando su capacidad para conectar con las emociones del p\u00fablico y mantener viva la tradici\u00f3n musical dominicana.<\/p>\n<p><strong>Acerca de Blady5.7<\/strong><\/p>\n<p style=\"text-align: justify;\">Blady5.7 es un joven cantautor y compositor nativo de R\u00edo San Juan, Rep\u00fablica Dominicana. Su enfoque art\u00edstico se centra en contar historias reales de su vida y entorno, utilizando t\u00e9cnicas mixtas para transmitir alegr\u00eda, reflexi\u00f3n y autenticidad en cada proyecto.<\/p>\n<p><strong>Contacto y Redes Sociales<\/strong><\/p>\n<p style=\"text-align: justify;\">Para m\u00e1s informaci\u00f3n sobre Blady5.7, sus pr\u00f3ximos proyectos o presentaciones, comun\u00edcate al n\u00famero 809 519 8542 o s\u00edguelo en Instagram como @Blady57.<\/p>\n<p>Fuente: Poder Femenino<\/p>\n","protected":false},"excerpt":{"rendered":"<p>Santo Domingo, Rep\u00fablica Dominicana. Jos\u00e9 Bladimir Castillo, mejor conocido como Blady5.7, contin\u00faa consolid\u00e1ndose como una<\/p>\n","protected":false},"author":1,"featured_media":33437,"comment_status":"open","ping_status":"open","sticky":false,"template":"","format":"standard","meta":{"footnotes":""},"categories":[6],"tags":[],"class_list":["post-33436","post","type-post","status-publish","format-standard","has-post-thumbnail","hentry","category-espectaculos"],"_links":{"self":[{"href":"https:\/\/defrentealaverdad.com\/index.php\/wp-json\/wp\/v2\/posts\/33436","targetHints":{"allow":["GET"]}}],"collection":[{"href":"https:\/\/defrentealaverdad.com\/index.php\/wp-json\/wp\/v2\/posts"}],"about":[{"href":"https:\/\/defrentealaverdad.com\/index.php\/wp-json\/wp\/v2\/types\/post"}],"author":[{"embeddable":true,"href":"https:\/\/defrentealaverdad.com\/index.php\/wp-json\/wp\/v2\/users\/1"}],"replies":[{"embeddable":true,"href":"https:\/\/defrentealaverdad.com\/index.php\/wp-json\/wp\/v2\/comments?post=33436"}],"version-history":[{"count":1,"href":"https:\/\/defrentealaverdad.com\/index.php\/wp-json\/wp\/v2\/posts\/33436\/revisions"}],"predecessor-version":[{"id":33438,"href":"https:\/\/defrentealaverdad.com\/index.php\/wp-json\/wp\/v2\/posts\/33436\/revisions\/33438"}],"wp:featuredmedia":[{"embeddable":true,"href":"https:\/\/defrentealaverdad.com\/index.php\/wp-json\/wp\/v2\/media\/33437"}],"wp:attachment":[{"href":"https:\/\/defrentealaverdad.com\/index.php\/wp-json\/wp\/v2\/media?parent=33436"}],"wp:term":[{"taxonomy":"category","embeddable":true,"href":"https:\/\/defrentealaverdad.com\/index.php\/wp-json\/wp\/v2\/categories?post=33436"},{"taxonomy":"post_tag","embeddable":true,"href":"https:\/\/defrentealaverdad.com\/index.php\/wp-json\/wp\/v2\/tags?post=33436"}],"curies":[{"name":"wp","href":"https:\/\/api.w.org\/{rel}","templated":true}]}}