{"id":3343,"date":"2023-01-23T19:46:30","date_gmt":"2023-01-23T19:46:30","guid":{"rendered":"https:\/\/defrentealaverdad.com\/?p=3343"},"modified":"2023-01-23T19:46:30","modified_gmt":"2023-01-23T19:46:30","slug":"elio-alcindor-presenta-mi-vida-tuya-es-feat-light-ramirez","status":"publish","type":"post","link":"https:\/\/defrentealaverdad.com\/index.php\/2023\/01\/23\/elio-alcindor-presenta-mi-vida-tuya-es-feat-light-ramirez\/","title":{"rendered":"Elio Alcindor presenta \u201cMi Vida Tuya Es\u201d feat. Light Ram\u00edrez"},"content":{"rendered":"<p style=\"text-align: justify;\"><img decoding=\"async\" data-src=\"https:\/\/bucket.mlcdn.com\/a\/3052\/3052138\/images\/f928226336fa263c8eb98ccc49fc795792c2d855.png\" alt=\"Elio Alcindor, Mi vida tuya es\" src=\"data:image\/svg+xml;base64,PHN2ZyB3aWR0aD0iMSIgaGVpZ2h0PSIxIiB4bWxucz0iaHR0cDovL3d3dy53My5vcmcvMjAwMC9zdmciPjwvc3ZnPg==\" class=\"lazyload\" \/><\/p>\n<p style=\"text-align: justify;\">EE.UU &#8211; El cantautor haitiano Elio Alcindor incursiona en un nuevo g\u00e9nero musical de la mano del cantante urbano Light Ram\u00edrez.<\/p>\n<p style=\"text-align: justify;\">El tema se titula \u201cMi Vida Tuya Es\u201d y lo escribi\u00f3 inspirado en el agradecimiento que siente hacia Dios por su cuidado y protecci\u00f3n durante las temporadas m\u00e1s dif\u00edciles de su vida.<\/p>\n<p style=\"text-align: justify;\">Durante los \u00faltimos 8 a\u00f1os, Elio Alcindor ha atravesado por situaciones muy dolorosas, incluyendo la muerte repentina de su primera esposa, y la tr\u00e1gica muerte de su hermano menor durante el reciente terremoto en Hait\u00ed, su pa\u00eds natal.<\/p>\n<p style=\"text-align: justify;\">\u201cDespu\u00e9s de todo lo que ha pasado en los \u00faltimos a\u00f1os, he podido ver y comprobar la fidelidad de Dios; como \u00c9l se ha encargado de cada detalle de mi vida y mi familia. \u00c9l sigue d\u00e1ndome el aire para respirar, me ha sostenido. En fin, le debo toda mi vida a \u00c9l. Por eso, quiero seguir entreg\u00e1ndolo todo y seguir declarando que mi vida es de \u00c9l\u201d, afirma el galardonado cantautor, ganador de multiples premios como el Arca Internacional, Latin Awards Canada, y Premios El Galard\u00f3n Canad\u00e1.<\/p>\n<p style=\"text-align: justify;\">Basado en esta experiencia, Elio compuso el tema en colaboraci\u00f3n con Perla Cantu Arroyo. Bajo la producci\u00f3n musical de Jaime Arroyo, la nueva canci\u00f3n marca un hito en su carrera donde se ha caracterizado por interpretar canciones en el g\u00e9nero de balada pop y Worship.<\/p>\n<p style=\"text-align: justify;\">\u201cPor un buen tiempo quer\u00eda hacer algo muy latino, y adem\u00e1s muchos han expresado que quer\u00edan verme cantar a d\u00fao con alguien que hiciera m\u00fasica urbana y bueno aqu\u00ed est\u00e1\u201d, dice el artista gratamente sorprendido con el resultado de la canci\u00f3n.<\/p>\n<p style=\"text-align: justify;\">De esta manera, Elio lanza su primer tema de pop latino con fusiones urbanas. Con la participaci\u00f3n especial de Light Ram\u00edrez, el mensaje inspirador de la canci\u00f3n llega de una manera fresca y atractiva a la nueva generaci\u00f3n.<\/p>\n<p style=\"text-align: justify;\">\u201cLight Ram\u00edrez es un artista urbano muy talentoso y sobre todo que ama mucho a Dios. Por eso fue para m\u00ed un placer poder grabar con \u00e9l, y esperamos que sea de bendici\u00f3n para todos\u201d, se\u00f1al\u00f3.<\/p>\n<p style=\"text-align: justify;\">Por medio de este nuevo sencillo, se unen para invitar a las personas a ser agradecidas con Dios por sus bendiciones, pero tambi\u00e9n por su fidelidad y amor en medio de los momentos de dolor.<\/p>\n<p style=\"text-align: justify;\">\u201cUna vez que llegamos a reconocer esto, se nos hace f\u00e1cil entender que debemos adorarlo, debemos decirle a todo pulm\u00f3n: \u2018Mi Vida Tuya Es\u2019 y as\u00ed permitirle hacer de nosotros la persona que \u00c9l quiere que seamos y cumplir con el prop\u00f3sito por el cual fuimos tra\u00eddos a este mundo\u201d, enfatiz\u00f3.<\/p>\n<p style=\"text-align: justify;\">El video oficial estuvo a cargo de Pears Media, y se film\u00f3 en tres pa\u00edses: Rep\u00fablica Dominicana, Estados Unidos, y Canad\u00e1, donde actualmente reside junto a su esposa e hijos.<\/p>\n<p style=\"text-align: justify;\">\u201cLo que queremos transmitir con el video es simplemente poder darle a entender a todos que entregarle la vida a Dios inicia con aceptar a Cristo como su Se\u00f1or y su Salvador; caminar diariamente de la manera como \u00c9l quiere que camines y adem\u00e1s hacer esta entrega cumpliendo con lo que Dios te ha llamado a hacer\u201d, afirm\u00f3.<\/p>\n<p style=\"text-align: justify;\">La canci\u00f3n \u201cMi Vida Tuya Es\u201d est\u00e1 disponible en todas las plataformas musicales de distribuci\u00f3n digital\u00a0 y el video lo puede disfrutar en su canal de YouTube: Elio Alcindor.<\/p>\n<p style=\"text-align: justify;\">\n<p style=\"text-align: justify;\">Fuente: El Mensaje Comunicaciones<\/p>\n","protected":false},"excerpt":{"rendered":"<p>EE.UU &#8211; El cantautor haitiano Elio Alcindor incursiona en un nuevo g\u00e9nero musical de la<\/p>\n","protected":false},"author":1,"featured_media":0,"comment_status":"open","ping_status":"open","sticky":false,"template":"","format":"standard","meta":{"footnotes":""},"categories":[6,16],"tags":[],"class_list":["post-3343","post","type-post","status-publish","format-standard","hentry","category-espectaculos","category-internacionales"],"_links":{"self":[{"href":"https:\/\/defrentealaverdad.com\/index.php\/wp-json\/wp\/v2\/posts\/3343","targetHints":{"allow":["GET"]}}],"collection":[{"href":"https:\/\/defrentealaverdad.com\/index.php\/wp-json\/wp\/v2\/posts"}],"about":[{"href":"https:\/\/defrentealaverdad.com\/index.php\/wp-json\/wp\/v2\/types\/post"}],"author":[{"embeddable":true,"href":"https:\/\/defrentealaverdad.com\/index.php\/wp-json\/wp\/v2\/users\/1"}],"replies":[{"embeddable":true,"href":"https:\/\/defrentealaverdad.com\/index.php\/wp-json\/wp\/v2\/comments?post=3343"}],"version-history":[{"count":1,"href":"https:\/\/defrentealaverdad.com\/index.php\/wp-json\/wp\/v2\/posts\/3343\/revisions"}],"predecessor-version":[{"id":3344,"href":"https:\/\/defrentealaverdad.com\/index.php\/wp-json\/wp\/v2\/posts\/3343\/revisions\/3344"}],"wp:attachment":[{"href":"https:\/\/defrentealaverdad.com\/index.php\/wp-json\/wp\/v2\/media?parent=3343"}],"wp:term":[{"taxonomy":"category","embeddable":true,"href":"https:\/\/defrentealaverdad.com\/index.php\/wp-json\/wp\/v2\/categories?post=3343"},{"taxonomy":"post_tag","embeddable":true,"href":"https:\/\/defrentealaverdad.com\/index.php\/wp-json\/wp\/v2\/tags?post=3343"}],"curies":[{"name":"wp","href":"https:\/\/api.w.org\/{rel}","templated":true}]}}