{"id":3339,"date":"2023-01-23T19:42:33","date_gmt":"2023-01-23T19:42:33","guid":{"rendered":"https:\/\/defrentealaverdad.com\/?p=3339"},"modified":"2023-01-23T19:43:13","modified_gmt":"2023-01-23T19:43:13","slug":"estos-son-todos-cambios-introducidos-hoy-por-abinader-en-su-gobierno","status":"publish","type":"post","link":"https:\/\/defrentealaverdad.com\/index.php\/2023\/01\/23\/estos-son-todos-cambios-introducidos-hoy-por-abinader-en-su-gobierno\/","title":{"rendered":"Estos son todos cambios introducidos hoy por Abinader en su Gobierno"},"content":{"rendered":"<div class=\"jeg_featured featured_image\">\n<div class=\"thumbnail-container animate-lazy\" style=\"text-align: justify;\"><img decoding=\"async\" class=\"attachment-jnews-750x375 size-jnews-750x375 wp-post-image lazyautosizes lazyloaded\" src=\"https:\/\/www.diariodigital.com.do\/wp-content\/uploads\/2022\/07\/Palacio-Nacional-750x375.jpg\" sizes=\"750px\" srcset=\"https:\/\/www.diariodigital.com.do\/wp-content\/uploads\/2022\/07\/Palacio-Nacional-750x375.jpg 750w, https:\/\/www.diariodigital.com.do\/wp-content\/uploads\/2022\/07\/Palacio-Nacional-360x180.jpg 360w\" alt=\"Ley de extinci\u00f3n de dominio da inicio a una era de decencia, afirma Abinader\" width=\"750\" height=\"375\" data-src=\"https:\/\/www.diariodigital.com.do\/wp-content\/uploads\/2022\/07\/Palacio-Nacional-750x375.jpg\" data-sizes=\"auto\" data-srcset=\"https:\/\/www.diariodigital.com.do\/wp-content\/uploads\/2022\/07\/Palacio-Nacional-750x375.jpg 750w, https:\/\/www.diariodigital.com.do\/wp-content\/uploads\/2022\/07\/Palacio-Nacional-360x180.jpg 360w\" data-expand=\"700\" \/><\/div>\n<\/div>\n<div class=\"jeg_share_top_container\" style=\"text-align: justify;\">\n<div class=\"jeg_share_button clearfix\">\n<div class=\"jeg_share_stats\"><\/div>\n<\/div>\n<\/div>\n<p><strong>El presidente Luis Abinader introdujo cambios en su gobierno este lunes en diferentes \u00f3rganos del Estado,<\/strong><\/p>\n<p>El ejecutivo dispuso que Roberto \u00c1ngel Salcedo ocupe la Direcci\u00f3n<\/p>\n<p>General de Proyectos Estrat\u00e9gicos y Especiales de la Presidencia de la Rep\u00fablica (PROPEEP), que ocupaba Neney Cabrera, quien fue remitido a otrz funciones.<\/p>\n<p>Los cambios est\u00e1n contenidos en el decreto 15-23 dado a conocer por Direcci\u00f3n de Prensa del Palacio Nacional.<\/p>\n<p><strong>El hasta hoy Contralor General de la Rep\u00fablica, Catalino Correa Hiciano, queda designado director general de la Administradora de Subsidios Sociales (ADESS).<\/strong><\/p>\n<p>F\u00e9lix Antonio Santana Garc\u00eda fue designado contralor general de la Rep\u00fablica y R\u00f3mulo Victirbio Francisco Arias Moscat queda designado director general de Contabilidad Gubernamental.<\/p>\n<p>Mientras que\u00a0<strong>Digna Reynoso<\/strong> fue designada directora general de la Direcci\u00f3n General de Pasaportes y quien hasta hoy ocupaba ese cargo, N\u00e9stor Julio Cruz Pichardo, queda designado c\u00f3nsul general de la Rep\u00fablica Dominicana en Panam\u00e1.<\/p>\n<p>El mandatario nombr\u00f3 a\u00a0<strong>Pedro Antonio Quezada Ceped<\/strong>a rector del Instituto T\u00e9cnico Superior Comunitario de San Luis (ITSC) y\u00a0<strong>Bartolom\u00e9 Yaque Puj\u00e1is Su\u00e1rez\u00a0<\/strong>lo design\u00f3 director general de la Oficina Gubemamental de Tecnolog\u00edas de la Informaci\u00f3n y la Comunicaci\u00f3n (OGTIC), en adici\u00f3n a las funciones de director ejecutivo del Gabinete de Innovaci\u00f3n.<\/p>\n<p>En otras designaciones,\u00a0<strong>Francisco Vegazo Ram\u00edre<\/strong>z queda designado asesor de la Presidencia de la Rep\u00fablica en materia de educaci\u00f3n superior. En el mismo decreto se instruye a Jos\u00e9\u00a0<strong>Leonel Cabrera,<\/strong>\u00a0en su condici\u00f3n de ministro sin cartera, a dar<\/p>\n<p>seguimiento al cumplimiento de los objetivos de las pol\u00edticas p\u00fablicas trazadas por el Poder Ejecutivo.<\/p>\n<p><strong>Roberto \u00c1ngel Salced<\/strong>o fue nombrado director general de la Direcci\u00f3n General de Proyectos Estrat\u00e9gicos y Especiales de la Presidencia de la Rep\u00fablica (PROPEEP) de la que hab\u00eda renunciado Cabrera,<\/p>\n<p>La se\u00f1ora\u00a0<strong>Magalis Tabar Manznr q<\/strong>ueda designada gobernadora civil de la provincia El Seibo y Cenara Gonz\u00e1lez Marmolejos queda designada gobernadora civil de la provincia Barahona.<\/p>\n<p>La se\u00f1ora\u00a0<strong>Adela Mercedes Tejada Gil de Rosario<\/strong>\u00a0fue designada gobernadora civil de la provincia Monse\u00f1or Nouel. En adici\u00f3n a sus funciones de gobernadora, queda designada como presidente interina de la Comisi\u00f3n Ejecutiva del Consejo para el Desarrollo de la Provincia Monse\u00f1or Nouel. Aclara que est\u00e1 funci\u00f3n en la indicada comisi\u00f3n ejecutiva ser\u00e1 desempe\u00f1ada a t\u00edtulo honor\u00edfico.<\/p>\n<p><strong>Manuel Hip\u00f3crates Conde Cabrer<\/strong>a ha sido\u00a0 designado miembro del Consejo Unificado de las Empresas Distribuidoras de Electricidad, mientras que Jos\u00e9 Pedro D\u00edaz Gonz\u00e1lez queda designado miembro del Consejo Unificado de las Empresas Distribuidoras de Electricidad.<\/p>\n<p>&nbsp;<\/p>\n<p>Fuente: Presidencia RD<\/p>\n","protected":false},"excerpt":{"rendered":"<p>El presidente Luis Abinader introdujo cambios en su gobierno este lunes en diferentes \u00f3rganos del<\/p>\n","protected":false},"author":1,"featured_media":0,"comment_status":"open","ping_status":"open","sticky":false,"template":"","format":"standard","meta":{"footnotes":""},"categories":[7],"tags":[],"class_list":["post-3339","post","type-post","status-publish","format-standard","hentry","category-nacionales"],"_links":{"self":[{"href":"https:\/\/defrentealaverdad.com\/index.php\/wp-json\/wp\/v2\/posts\/3339","targetHints":{"allow":["GET"]}}],"collection":[{"href":"https:\/\/defrentealaverdad.com\/index.php\/wp-json\/wp\/v2\/posts"}],"about":[{"href":"https:\/\/defrentealaverdad.com\/index.php\/wp-json\/wp\/v2\/types\/post"}],"author":[{"embeddable":true,"href":"https:\/\/defrentealaverdad.com\/index.php\/wp-json\/wp\/v2\/users\/1"}],"replies":[{"embeddable":true,"href":"https:\/\/defrentealaverdad.com\/index.php\/wp-json\/wp\/v2\/comments?post=3339"}],"version-history":[{"count":2,"href":"https:\/\/defrentealaverdad.com\/index.php\/wp-json\/wp\/v2\/posts\/3339\/revisions"}],"predecessor-version":[{"id":3341,"href":"https:\/\/defrentealaverdad.com\/index.php\/wp-json\/wp\/v2\/posts\/3339\/revisions\/3341"}],"wp:attachment":[{"href":"https:\/\/defrentealaverdad.com\/index.php\/wp-json\/wp\/v2\/media?parent=3339"}],"wp:term":[{"taxonomy":"category","embeddable":true,"href":"https:\/\/defrentealaverdad.com\/index.php\/wp-json\/wp\/v2\/categories?post=3339"},{"taxonomy":"post_tag","embeddable":true,"href":"https:\/\/defrentealaverdad.com\/index.php\/wp-json\/wp\/v2\/tags?post=3339"}],"curies":[{"name":"wp","href":"https:\/\/api.w.org\/{rel}","templated":true}]}}