{"id":3336,"date":"2023-01-23T19:41:17","date_gmt":"2023-01-23T19:41:17","guid":{"rendered":"https:\/\/defrentealaverdad.com\/?p=3336"},"modified":"2023-01-23T19:41:17","modified_gmt":"2023-01-23T19:41:17","slug":"madre-de-nina-de-5-anos-pide-ayuda-para-implante-auditivo-que-le-permitara-escuchar-y-hablar","status":"publish","type":"post","link":"https:\/\/defrentealaverdad.com\/index.php\/2023\/01\/23\/madre-de-nina-de-5-anos-pide-ayuda-para-implante-auditivo-que-le-permitara-escuchar-y-hablar\/","title":{"rendered":"Madre de ni\u00f1a de 5 a\u00f1os pide ayuda para implante auditivo que le permitar\u00e1 escuchar y hablar."},"content":{"rendered":"<p><strong><img decoding=\"async\" data-src=\"https:\/\/diarionoticias.do\/wp-content\/uploads\/dc87e5ff-34ec-4220-9d3f-963e76e2d078.jpg\" src=\"data:image\/svg+xml;base64,PHN2ZyB3aWR0aD0iMSIgaGVpZ2h0PSIxIiB4bWxucz0iaHR0cDovL3d3dy53My5vcmcvMjAwMC9zdmciPjwvc3ZnPg==\" class=\"lazyload\" \/><\/strong><\/p>\n<p style=\"text-align: justify;\"><strong>Barahona.-<\/strong>La madre de una ni\u00f1a de 5 a\u00f1os, residente en la calle S\u00e1nchez de esta ciudad, \u00a0solicita ayuda para costear un implante coclear de la infante que tiene un costo de 21\u00a0 mil d\u00f3lares.<\/p>\n<p style=\"text-align: justify;\">Leidy Diana Medina, en visita a la redacci\u00f3n de Diario Noticias Digital, dijo que la ni\u00f1a es sordomuda producto de la afecci\u00f3n del nervio auditivo, de acuerdo al diagnostico m\u00e9dico.<\/p>\n<p style=\"text-align: justify;\">Se\u00f1al\u00f3 que, la soluci\u00f3n para al problema de la ni\u00f1a es el implante, el cual \u00a0no tiene cobertura en el seguro m\u00e9dico y \u00a0\u00a0no cuenta con los recursos para el procedimiento.<\/p>\n<p style=\"text-align: justify;\">La joven madre narr\u00f3 que ha utilizado varios medios entre los que cit\u00f3 redes sociales y tocado puertas en instituciones y no ha tenido respuesta.<\/p>\n<p style=\"text-align: justify;\">Manifest\u00f3 que de acuerdo al m\u00e9dico especialista que atiende a la ni\u00f1a en un centro de salud de la ciudad de la Vega, es necesario realizar el implante coclear a la ni\u00f1a lo antes posible por la edad \u00a0avanzada y que si transcurre el tiempo\u00a0 ser\u00e1 dif\u00edcil que pueda articular palabras por medio del desarrollo del lenguaje.<\/p>\n<p style=\"text-align: justify;\">Dijo que la condici\u00f3n de la ni\u00f1a (Sordomuda), fue producto de una afecci\u00f3n de salud (sepsi-neonatal), infecci\u00f3n de la sangre que se presenta en un beb\u00e9 de menos de 90 d\u00edas de edad,\u00a0 la que padeci\u00f3 menor 24 horas despu\u00e9s de su nacimiento.<\/p>\n<p style=\"text-align: justify;\">Leidy Diana Medina, pide a las personalidades e instituciones de buen coraz\u00f3n colaborar con la causa de su peque\u00f1a (809-750-1083).<\/p>\n<p style=\"text-align: justify;\">\n<p style=\"text-align: justify;\">Fiuente: Diario Noticias<\/p>\n","protected":false},"excerpt":{"rendered":"<p>Barahona.-La madre de una ni\u00f1a de 5 a\u00f1os, residente en la calle S\u00e1nchez de esta<\/p>\n","protected":false},"author":1,"featured_media":0,"comment_status":"open","ping_status":"open","sticky":false,"template":"","format":"standard","meta":{"footnotes":""},"categories":[7],"tags":[],"class_list":["post-3336","post","type-post","status-publish","format-standard","hentry","category-nacionales"],"_links":{"self":[{"href":"https:\/\/defrentealaverdad.com\/index.php\/wp-json\/wp\/v2\/posts\/3336","targetHints":{"allow":["GET"]}}],"collection":[{"href":"https:\/\/defrentealaverdad.com\/index.php\/wp-json\/wp\/v2\/posts"}],"about":[{"href":"https:\/\/defrentealaverdad.com\/index.php\/wp-json\/wp\/v2\/types\/post"}],"author":[{"embeddable":true,"href":"https:\/\/defrentealaverdad.com\/index.php\/wp-json\/wp\/v2\/users\/1"}],"replies":[{"embeddable":true,"href":"https:\/\/defrentealaverdad.com\/index.php\/wp-json\/wp\/v2\/comments?post=3336"}],"version-history":[{"count":1,"href":"https:\/\/defrentealaverdad.com\/index.php\/wp-json\/wp\/v2\/posts\/3336\/revisions"}],"predecessor-version":[{"id":3337,"href":"https:\/\/defrentealaverdad.com\/index.php\/wp-json\/wp\/v2\/posts\/3336\/revisions\/3337"}],"wp:attachment":[{"href":"https:\/\/defrentealaverdad.com\/index.php\/wp-json\/wp\/v2\/media?parent=3336"}],"wp:term":[{"taxonomy":"category","embeddable":true,"href":"https:\/\/defrentealaverdad.com\/index.php\/wp-json\/wp\/v2\/categories?post=3336"},{"taxonomy":"post_tag","embeddable":true,"href":"https:\/\/defrentealaverdad.com\/index.php\/wp-json\/wp\/v2\/tags?post=3336"}],"curies":[{"name":"wp","href":"https:\/\/api.w.org\/{rel}","templated":true}]}}