{"id":3319,"date":"2023-01-23T13:42:37","date_gmt":"2023-01-23T13:42:37","guid":{"rendered":"https:\/\/defrentealaverdad.com\/?p=3319"},"modified":"2023-01-23T13:42:37","modified_gmt":"2023-01-23T13:42:37","slug":"el-senado-retomara-este-lunes-los-planes-de-reforma-a-la-ley-electoral","status":"publish","type":"post","link":"https:\/\/defrentealaverdad.com\/index.php\/2023\/01\/23\/el-senado-retomara-este-lunes-los-planes-de-reforma-a-la-ley-electoral\/","title":{"rendered":"El Senado retomar\u00e1 este lunes los planes de reforma a la Ley Electoral"},"content":{"rendered":"<div class=\"imagePost mb-4\" style=\"text-align: justify;\"><img decoding=\"async\" class=\"img-fluid lazyload\" data-src=\"https:\/\/nuevodiario-assets.s3.us-east-2.amazonaws.com\/wp-content\/uploads\/2023\/01\/22043314\/WhatsApp-Image-2023-01-22-at-8.18.21-AM.jpeg\" src=\"data:image\/svg+xml;base64,PHN2ZyB3aWR0aD0iMSIgaGVpZ2h0PSIxIiB4bWxucz0iaHR0cDovL3d3dy53My5vcmcvMjAwMC9zdmciPjwvc3ZnPg==\" \/><\/p>\n<div class=\"news-footer-photo\"><\/div>\n<\/div>\n<div class=\"bg-light p-2 mb-3 d-flex justify-content-center d-none d-md-block\" style=\"text-align: justify;\">\n<div id=\"div-gpt-ad-1565023948978-0\" data-google-query-id=\"CIOXkf3o3fwCFRIHZQodaO0HIg\">\n<div id=\"google_ads_iframe_\/173239197\/Banner_Noticia_5_Nuevo_728x90_0__container__\">El vocero del bloque de senadores del Partido Revolucionario Moderno (PRM), Franklin Romero, afirm\u00f3 este domingo que el Senado de la Rep\u00fablica retomar\u00e1 este lunes los procedimientos correspondientes en procura de aprobar el proyecto de reforma de Ley Org\u00e1nica del R\u00e9gimen Electoral, que fue reintroducido en ese hemiciclo.<\/div>\n<\/div>\n<\/div>\n<p style=\"text-align: justify;\">Entrevistado por el periodista Federico M\u00e9ndez, en el programa \u201cEsferas de Poder\u201d, el legislador plante\u00f3 que debe agotarse de nuevo el mismo proceso anterior con la pieza legislativa, la cual perimi\u00f3.<\/p>\n<p style=\"text-align: justify;\">\u201cHay que leerla de nuevo, ya la comisi\u00f3n rendir\u00e1 un informe al hemiciclo, ese informe no es vinculante a la decisi\u00f3n del pleno, pero s\u00ed es la misma ley, se somete al hemiciclo, se lee, se aprueba en primera lectura, se deja para una semana, como manda la ley y el reglamento, y ah\u00ed se pueden presentar algunas modificaciones, variaciones o algunos arreglos que haya que hacerle antes de la segunda lectura\u201d, argument\u00f3.<\/p>\n<p style=\"text-align: justify;\">El congresista observ\u00f3 que luego de ser aprobado en primera y segunda lectura, el proyecto de ley pasar\u00eda a la C\u00e1mara de Diputados.<\/p>\n<p style=\"text-align: justify;\">El senador por la provincia Duarte asegur\u00f3 que si no se presenta variaci\u00f3n alguna en la pieza y el informe favorable de la comisi\u00f3n bicameral, en los 30 d\u00edas restantes de la legislatura extraordinaria puede conocerse y ser aprobado.<br \/>\nRecord\u00f3 que el consenso que se logr\u00f3 en el 2019, como el 60-40, los plazos, el tope de gastos en la campa\u00f1a, entre otros, se han visto en la cuerda floja y se est\u00e1n debatiendo.<\/p>\n<p style=\"text-align: justify;\">\u201cSi nosotros logramos en estos 30 d\u00edas debatir y buscar un consenso entre todos en esos puntos, pues creo que podemos conseguir la ley, hay un consenso porque todos los partidos han dado su opini\u00f3n\u201d, agreg\u00f3.<\/p>\n<p style=\"text-align: justify;\">Expuso que el proyecto de reforma a ley Org\u00e1nica del R\u00e9gimen Electoral perimi\u00f3, por lo que fue reintroducido por el senador del Partido Reformista Social Cristiano (PRSC), Ram\u00f3n Rogelio Genao, y este lunes se estar\u00e1 trabajando sobre el tema.<\/p>\n<p style=\"text-align: justify;\">Romero manifest\u00f3 que el proyecto aprobado por la comisi\u00f3n bicameral no es perfecto, pero fue la iniciativa legislativa posible en ese momento, porque ten\u00eda m\u00e1s de 15 a\u00f1os tratando de que sea sancionada y no se hab\u00eda logrado.<\/p>\n<p style=\"text-align: justify;\">Sostuvo que la Junta Central Electoral siente que no ten\u00eda las herramientas necesarias para reglamentar los procesos y someti\u00f3 alrededor de 50 propuestas dentro del proyecto.<\/p>\n<p style=\"text-align: justify;\">\u201cRecordemos que la Junta, aunque hace las sugerencias, no es el \u00f3rgano que en el Congreso decide qu\u00e9 se aprueba y qu\u00e9 no se aprueba, sino que somete las sugerencias, como debe de ser, pero es el \u00f3rgano que ejecuta las herramientas que le damos nosotros con las diferentes leyes\u201d, acot\u00f3.<\/p>\n<p style=\"text-align: justify;\"><strong>\u201cNo hay tiempo para reformar la Ley de Partidos Pol\u00edticos\u201d<\/strong><\/p>\n<p style=\"text-align: justify;\">El senador Franklin Romero advirti\u00f3 que la reforma a la Ley 33-18 de Partidos, Agrupaciones y Movimientos Pol\u00edticos debe ser dejada en el estado en que se encuentra y los esfuerzos deben concentrarse en la aprobaci\u00f3n de la Ley Org\u00e1nica del R\u00e9gimen Electoral.<\/p>\n<p style=\"text-align: justify;\">Indic\u00f3 que siendo realistas, mirando los procesos y el tiempo que se han tomado las diferentes leyes en el proceso de aprobaci\u00f3n, no hay tiempo de para sancionar la reforma de la Ley de Partidos.<\/p>\n<p style=\"text-align: justify;\">Observ\u00f3 que m\u00e1s de 28 organizaciones deben emitir su opini\u00f3n en torno a los cambios que deben ejecutarse en esa normativa, lo cual generar\u00e1 un debate sobre el particular.<\/p>\n<p style=\"text-align: justify;\">\u201cLa ley de Partidos Pol\u00edticos, ya en la v\u00edspera de las elecciones del 2024, creo que nosotros deber\u00edamos dejarla ah\u00ed y concentrarnos en la Ley Electoral, que eso es lo que la Junta necesita\u201d, subray\u00f3.<\/p>\n<p style=\"text-align: justify;\">Afirm\u00f3 que aunque su posici\u00f3n es de car\u00e1cter personal, con respecto a la Ley de Partidos, actuar\u00e1 conforme a los lineamientos del PRM sobre el particular.<\/p>\n<p style=\"text-align: justify;\">\n<p style=\"text-align: justify;\">Fuente: Nuevo Diario RD<\/p>\n","protected":false},"excerpt":{"rendered":"<p>El vocero del bloque de senadores del Partido Revolucionario Moderno (PRM), Franklin Romero, afirm\u00f3 este<\/p>\n","protected":false},"author":1,"featured_media":0,"comment_status":"open","ping_status":"open","sticky":false,"template":"","format":"standard","meta":{"footnotes":""},"categories":[7],"tags":[],"class_list":["post-3319","post","type-post","status-publish","format-standard","hentry","category-nacionales"],"_links":{"self":[{"href":"https:\/\/defrentealaverdad.com\/index.php\/wp-json\/wp\/v2\/posts\/3319","targetHints":{"allow":["GET"]}}],"collection":[{"href":"https:\/\/defrentealaverdad.com\/index.php\/wp-json\/wp\/v2\/posts"}],"about":[{"href":"https:\/\/defrentealaverdad.com\/index.php\/wp-json\/wp\/v2\/types\/post"}],"author":[{"embeddable":true,"href":"https:\/\/defrentealaverdad.com\/index.php\/wp-json\/wp\/v2\/users\/1"}],"replies":[{"embeddable":true,"href":"https:\/\/defrentealaverdad.com\/index.php\/wp-json\/wp\/v2\/comments?post=3319"}],"version-history":[{"count":1,"href":"https:\/\/defrentealaverdad.com\/index.php\/wp-json\/wp\/v2\/posts\/3319\/revisions"}],"predecessor-version":[{"id":3320,"href":"https:\/\/defrentealaverdad.com\/index.php\/wp-json\/wp\/v2\/posts\/3319\/revisions\/3320"}],"wp:attachment":[{"href":"https:\/\/defrentealaverdad.com\/index.php\/wp-json\/wp\/v2\/media?parent=3319"}],"wp:term":[{"taxonomy":"category","embeddable":true,"href":"https:\/\/defrentealaverdad.com\/index.php\/wp-json\/wp\/v2\/categories?post=3319"},{"taxonomy":"post_tag","embeddable":true,"href":"https:\/\/defrentealaverdad.com\/index.php\/wp-json\/wp\/v2\/tags?post=3319"}],"curies":[{"name":"wp","href":"https:\/\/api.w.org\/{rel}","templated":true}]}}