{"id":3317,"date":"2023-01-22T13:39:47","date_gmt":"2023-01-22T13:39:47","guid":{"rendered":"https:\/\/defrentealaverdad.com\/?p=3317"},"modified":"2023-01-23T13:41:16","modified_gmt":"2023-01-23T13:41:16","slug":"abinader-viaja-este-lunes-a-argentina-para-participar-en-la-cumbre-del-celac","status":"publish","type":"post","link":"https:\/\/defrentealaverdad.com\/index.php\/2023\/01\/22\/abinader-viaja-este-lunes-a-argentina-para-participar-en-la-cumbre-del-celac\/","title":{"rendered":"Abinader viaja este lunes a Argentina para participar en la cumbre del CELAC"},"content":{"rendered":"<header class=\"xl:ml-12 xl:pl-1 lg:ml-10 lg:pl-0 md:ml-12 md:pl-1 mb-4\">\n<div class=\"subtitle text-xl mb-4\">\n<p class=\"flex mb-2\" style=\"text-align: justify;\">La Presidencia inform\u00f3 que el mandatario estar\u00e1 de regreso al pa\u00eds el pr\u00f3ximo mi\u00e9rcoles<\/p>\n<\/div>\n<div class=\"border-b-2 pb-3 byline text-lg\"><\/div>\n<\/header>\n<div class=\"flex flex-wrap -ml-4 -mr-3 relative md:px-3 lg:px-0\">\n<div class=\"w-full md:w-05\/12 sm:w-12\/12\">\n<div class=\"fixed-content\">\n<p>&nbsp;<\/p>\n<\/div>\n<\/div>\n<div class=\"w-full xl:w-85\/12 md:w-75\/12 sm:w-full px-4 pb-12\">\n<figure class=\"text-lg\" style=\"text-align: justify;\"><picture><img decoding=\"async\" class=\"mx-auto lazyload\" title=\"Abinader viaja este lunes a Argentina para participar en la cumbre del CELAC\" data-src=\"https:\/\/resources.diariolibre.com\/images\/2023\/01\/22\/whatsapp-image-2023-01-22-at-52247-pm-bb3347f3-focus-0.07-0.38-895-573.jpg\" alt=\"Abinader viaja este lunes a Argentina para participar en la cumbre del CELAC\" width=\"796\" height=\"621\" src=\"data:image\/svg+xml;base64,PHN2ZyB3aWR0aD0iMSIgaGVpZ2h0PSIxIiB4bWxucz0iaHR0cDovL3d3dy53My5vcmcvMjAwMC9zdmciPjwvc3ZnPg==\" style=\"--smush-placeholder-width: 796px; --smush-placeholder-aspect-ratio: 796\/621;\" \/><\/picture><figcaption><\/figcaption><\/figure>\n<div class=\"detail-body text-lg\" style=\"text-align: justify;\">\n<p>El presidente Luis\u00a0<strong>Abinader<\/strong>\u00a0viajar\u00e1 este lunes a Buenos Aires, Argentina, donde participar\u00e1 en la<strong>\u00a0Cumbre de jefes de Estado y de gobierno de la Comunidad de Estados Latinoamericanos<\/strong>\u00a0(<strong>CELAC<\/strong>).<\/p>\n<p>El mandatario dominicano tiene previsto salir al mediod\u00eda en compa\u00f1\u00eda del ministro administrativo de la Presidencia, Jos\u00e9 Ignacio Paliza; del viceministro de Relaciones Exteriores, Rub\u00e9n Arturo Sili\u00e9; as\u00ed como de sus asistentes Eilyn Beltr\u00e1n y Mercedes Pichardo, y el director del Cuerpo de Seguridad Presidencial (Cusep), general de brigada del ERD, Jimmy Arias.<\/p>\n<p>El presidente\u00a0<strong>Abinader<\/strong>, quien tendr\u00e1 una intervenci\u00f3n en la cumbre,\u00a0<strong>regresar\u00e1 al pa\u00eds el mi\u00e9rcoles.<\/strong><\/p>\n<div id=\"dl_300x250_inread\" data-google-query-id=\"CPmspMzo3fwCFU1owQodS3sJDA\">\n<div id=\"google_ads_iframe_\/1659553\/dl_300x250_inread_0__container__\">Hasta el momento, seg\u00fan fuentes oficiales argentinas, en la VII Cumbre de Jefas y Jefes de Estado y de Gobierno de la Comunidad de Estados Latinoamericanos y Caribe\u00f1os (<strong>Celac<\/strong>), que integra a los 33 pa\u00edses de la regi\u00f3n, estar\u00e1n presentes mandatarios de 15 naciones, mientras que el resto estar\u00e1n representados por sus ministros de Exteriores u otros altos miembros del Gobierno.<\/div>\n<\/div>\n<p>El brasile\u00f1o\u00a0Luiz In\u00e1cio Lula da Silva, el colombiano Gustavo Petro y el chileno Gabriel Boric son algunos de los presidentes que han asegurado su asistencia a la\u00a0Cumbre de la\u00a0<strong>Celac<\/strong>. Y,\u00a0si bien a\u00fan no hay confirmaci\u00f3n oficial, se estiman visitas pol\u00e9micas como las del venezolano Nicol\u00e1s Maduro y el cubano Miguel D\u00edaz-Canel.<\/p>\n<\/div>\n<p>&nbsp;<\/p>\n<p style=\"text-align: justify;\">Fuente: Diario Libre<\/p>\n<\/div>\n<\/div>\n","protected":false},"excerpt":{"rendered":"<p>La Presidencia inform\u00f3 que el mandatario estar\u00e1 de regreso al pa\u00eds el pr\u00f3ximo mi\u00e9rcoles &nbsp;<\/p>\n","protected":false},"author":1,"featured_media":0,"comment_status":"open","ping_status":"open","sticky":false,"template":"","format":"standard","meta":{"footnotes":""},"categories":[16],"tags":[],"class_list":["post-3317","post","type-post","status-publish","format-standard","hentry","category-internacionales"],"_links":{"self":[{"href":"https:\/\/defrentealaverdad.com\/index.php\/wp-json\/wp\/v2\/posts\/3317","targetHints":{"allow":["GET"]}}],"collection":[{"href":"https:\/\/defrentealaverdad.com\/index.php\/wp-json\/wp\/v2\/posts"}],"about":[{"href":"https:\/\/defrentealaverdad.com\/index.php\/wp-json\/wp\/v2\/types\/post"}],"author":[{"embeddable":true,"href":"https:\/\/defrentealaverdad.com\/index.php\/wp-json\/wp\/v2\/users\/1"}],"replies":[{"embeddable":true,"href":"https:\/\/defrentealaverdad.com\/index.php\/wp-json\/wp\/v2\/comments?post=3317"}],"version-history":[{"count":1,"href":"https:\/\/defrentealaverdad.com\/index.php\/wp-json\/wp\/v2\/posts\/3317\/revisions"}],"predecessor-version":[{"id":3318,"href":"https:\/\/defrentealaverdad.com\/index.php\/wp-json\/wp\/v2\/posts\/3317\/revisions\/3318"}],"wp:attachment":[{"href":"https:\/\/defrentealaverdad.com\/index.php\/wp-json\/wp\/v2\/media?parent=3317"}],"wp:term":[{"taxonomy":"category","embeddable":true,"href":"https:\/\/defrentealaverdad.com\/index.php\/wp-json\/wp\/v2\/categories?post=3317"},{"taxonomy":"post_tag","embeddable":true,"href":"https:\/\/defrentealaverdad.com\/index.php\/wp-json\/wp\/v2\/tags?post=3317"}],"curies":[{"name":"wp","href":"https:\/\/api.w.org\/{rel}","templated":true}]}}