{"id":3303,"date":"2023-01-22T13:20:07","date_gmt":"2023-01-22T13:20:07","guid":{"rendered":"https:\/\/defrentealaverdad.com\/?p=3303"},"modified":"2023-01-23T13:21:16","modified_gmt":"2023-01-23T13:21:16","slug":"celac-es-soberana-y-amplia-asegura-canciller-argentino","status":"publish","type":"post","link":"https:\/\/defrentealaverdad.com\/index.php\/2023\/01\/22\/celac-es-soberana-y-amplia-asegura-canciller-argentino\/","title":{"rendered":"Celac es soberana y amplia, asegura canciller argentino"},"content":{"rendered":"<p style=\"text-align: justify;\">Buenos Aires, 22 ene (Prensa Latina) El ministro argentino de Relaciones Exteriores, Santiago Cafiero, asegur\u00f3 hoy que la Comunidad de Estados Latinoamericanos y Caribe\u00f1os (Celac) es un foro soberano y amplio, al cuestionar declaraciones del expresidente Mauricio Macri.<\/p>\n<p><img decoding=\"async\" data-src=\"https:\/\/diariodominicano.com\/wp-content\/uploads\/2023\/01\/argentina-santiago-cafiero-celac-816x466.jpg\" src=\"data:image\/svg+xml;base64,PHN2ZyB3aWR0aD0iMSIgaGVpZ2h0PSIxIiB4bWxucz0iaHR0cDovL3d3dy53My5vcmcvMjAwMC9zdmciPjwvc3ZnPg==\" class=\"lazyload\" style=\"--smush-placeholder-width: 816px; --smush-placeholder-aspect-ratio: 816\/466;\" \/><\/p>\n<p style=\"text-align: justify;\">A trav\u00e9s de su perfil en la red social Twitter, el canciller rechaz\u00f3 una publicaci\u00f3n del exjefe de Estado donde ataca al mandatario de Venezuela, Nicol\u00e1s Maduro, y al de Cuba, Miguel D\u00edaz-Canel, invitados a la VII Cumbre de Jefes de Estado y de Gobierno de ese organismo.<\/p>\n<p style=\"text-align: justify;\">Macri tambi\u00e9n arremeti\u00f3 contra el Frente de Todos y Alberto Fern\u00e1ndez.<\/p>\n<div class=\"google-auto-placed ap_container\" style=\"text-align: justify;\"><ins class=\"adsbygoogle adsbygoogle-noablate\" data-ad-format=\"auto\" data-ad-client=\"ca-pub-4320199669047749\" data-adsbygoogle-status=\"done\" data-ad-status=\"filled\"><\/p>\n<p id=\"aswift_2_host\" tabindex=\"0\" title=\"Advertisement\" aria-label=\"Advertisement\">Verg\u00fcenza es haber condenado al pa\u00eds a volver al Fondo Monetario Internacional despu\u00e9s de recibirlo desendeudado. Argentina paga tu inoperancia, se\u00f1al\u00f3 Cafiero al referirse al da\u00f1o causado por el compromiso contra\u00eddo por el expresidente con esa entidad.<\/p>\n<p><\/ins><\/div>\n<p style=\"text-align: justify;\">Adem\u00e1s, resalt\u00f3 la importancia de debatir sin exclusiones para mejorar los v\u00ednculos entre los pueblos en citas como la de la Celac, prevista para el martes en esta capital.<\/p>\n<p style=\"text-align: justify;\">Fuente: Diario Dominicano<\/p>\n","protected":false},"excerpt":{"rendered":"<p>Buenos Aires, 22 ene (Prensa Latina) El ministro argentino de Relaciones Exteriores, Santiago Cafiero, asegur\u00f3<\/p>\n","protected":false},"author":1,"featured_media":0,"comment_status":"open","ping_status":"open","sticky":false,"template":"","format":"standard","meta":{"footnotes":""},"categories":[16],"tags":[],"class_list":["post-3303","post","type-post","status-publish","format-standard","hentry","category-internacionales"],"_links":{"self":[{"href":"https:\/\/defrentealaverdad.com\/index.php\/wp-json\/wp\/v2\/posts\/3303","targetHints":{"allow":["GET"]}}],"collection":[{"href":"https:\/\/defrentealaverdad.com\/index.php\/wp-json\/wp\/v2\/posts"}],"about":[{"href":"https:\/\/defrentealaverdad.com\/index.php\/wp-json\/wp\/v2\/types\/post"}],"author":[{"embeddable":true,"href":"https:\/\/defrentealaverdad.com\/index.php\/wp-json\/wp\/v2\/users\/1"}],"replies":[{"embeddable":true,"href":"https:\/\/defrentealaverdad.com\/index.php\/wp-json\/wp\/v2\/comments?post=3303"}],"version-history":[{"count":1,"href":"https:\/\/defrentealaverdad.com\/index.php\/wp-json\/wp\/v2\/posts\/3303\/revisions"}],"predecessor-version":[{"id":3304,"href":"https:\/\/defrentealaverdad.com\/index.php\/wp-json\/wp\/v2\/posts\/3303\/revisions\/3304"}],"wp:attachment":[{"href":"https:\/\/defrentealaverdad.com\/index.php\/wp-json\/wp\/v2\/media?parent=3303"}],"wp:term":[{"taxonomy":"category","embeddable":true,"href":"https:\/\/defrentealaverdad.com\/index.php\/wp-json\/wp\/v2\/categories?post=3303"},{"taxonomy":"post_tag","embeddable":true,"href":"https:\/\/defrentealaverdad.com\/index.php\/wp-json\/wp\/v2\/tags?post=3303"}],"curies":[{"name":"wp","href":"https:\/\/api.w.org\/{rel}","templated":true}]}}