{"id":3301,"date":"2023-01-22T13:18:37","date_gmt":"2023-01-22T13:18:37","guid":{"rendered":"https:\/\/defrentealaverdad.com\/?p=3301"},"modified":"2023-01-23T13:19:53","modified_gmt":"2023-01-23T13:19:53","slug":"en-jarabacoa-varios-sectores-se-pronuncian-en-contra-de-digesett","status":"publish","type":"post","link":"https:\/\/defrentealaverdad.com\/index.php\/2023\/01\/22\/en-jarabacoa-varios-sectores-se-pronuncian-en-contra-de-digesett\/","title":{"rendered":"En Jarabacoa varios sectores se pronuncian en contra de DIGESETT"},"content":{"rendered":"<div style=\"text-align: justify;\">Jarabacoa.\u00a0 Cientos de ciudadanos del municipio Jarabacoa repudiaron la acci\u00f3n cometida por miembros de la Direcci\u00f3n General Tr\u00e1nsito y Transporte Terrestre DIGESETT en este municipio, luego que un ciudadano identificado como Osvaldo fue golpeado salvajemente por varios agentes, en un hecho registrado en la calle 16 de Agosto de esta localidad.<\/div>\n<div style=\"text-align: justify;\">\n<div class=\"separator\"><a href=\"https:\/\/blogger.googleusercontent.com\/img\/b\/R29vZ2xl\/AVvXsEgHqwWoOb379L6UjUe_8DOtQGkWxrxSAHNIQCzwuDS0TjCKthEBuIhbNZtSklnHnCX_gYQl6bt2zZKdp4LNpFcq_EgV5QEmxEHkQ_YQgqhM5s-av3FYlK9tV3ucsEaFZK7D_9cobiyRq-Ke0kzBGaRSKJh1iyOHzh_KqcxsA5Nm4twDCpZ1v3Te8Qqe\/s1829\/IMG_20230122_150857.jpg\"><img decoding=\"async\" data-src=\"https:\/\/blogger.googleusercontent.com\/img\/b\/R29vZ2xl\/AVvXsEgHqwWoOb379L6UjUe_8DOtQGkWxrxSAHNIQCzwuDS0TjCKthEBuIhbNZtSklnHnCX_gYQl6bt2zZKdp4LNpFcq_EgV5QEmxEHkQ_YQgqhM5s-av3FYlK9tV3ucsEaFZK7D_9cobiyRq-Ke0kzBGaRSKJh1iyOHzh_KqcxsA5Nm4twDCpZ1v3Te8Qqe\/s320\/IMG_20230122_150857.jpg\" width=\"189\" height=\"320\" border=\"0\" data-original-height=\"1829\" data-original-width=\"1080\" src=\"data:image\/svg+xml;base64,PHN2ZyB3aWR0aD0iMSIgaGVpZ2h0PSIxIiB4bWxucz0iaHR0cDovL3d3dy53My5vcmcvMjAwMC9zdmciPjwvc3ZnPg==\" class=\"lazyload\" style=\"--smush-placeholder-width: 189px; --smush-placeholder-aspect-ratio: 189\/320;\" \/><\/a><\/div>\n<p>En la actualidad diversos sectores han criticado la forma de trabajar de esta instituci\u00f3n, donde alegan que que no les interesa organizar el tr\u00e1nsito sino fiscalizar, sobre todo a los motoristas. Por los hechos ocurrido en los \u00faltimos meses el concejo de regidores de Jarabacoa se reunir\u00e1 para tomar decisiones en contra de las acciones desacertadas de la DIGESETT en Jarabacoa<\/p><\/div>\n<div><\/div>\n<div>Fuente: El Le\u00f1o Digital<\/div>\n","protected":false},"excerpt":{"rendered":"<p>Jarabacoa.\u00a0 Cientos de ciudadanos del municipio Jarabacoa repudiaron la acci\u00f3n cometida por miembros de la<\/p>\n","protected":false},"author":2,"featured_media":0,"comment_status":"open","ping_status":"open","sticky":false,"template":"","format":"standard","meta":{"footnotes":""},"categories":[7],"tags":[],"class_list":["post-3301","post","type-post","status-publish","format-standard","hentry","category-nacionales"],"_links":{"self":[{"href":"https:\/\/defrentealaverdad.com\/index.php\/wp-json\/wp\/v2\/posts\/3301","targetHints":{"allow":["GET"]}}],"collection":[{"href":"https:\/\/defrentealaverdad.com\/index.php\/wp-json\/wp\/v2\/posts"}],"about":[{"href":"https:\/\/defrentealaverdad.com\/index.php\/wp-json\/wp\/v2\/types\/post"}],"author":[{"embeddable":true,"href":"https:\/\/defrentealaverdad.com\/index.php\/wp-json\/wp\/v2\/users\/2"}],"replies":[{"embeddable":true,"href":"https:\/\/defrentealaverdad.com\/index.php\/wp-json\/wp\/v2\/comments?post=3301"}],"version-history":[{"count":1,"href":"https:\/\/defrentealaverdad.com\/index.php\/wp-json\/wp\/v2\/posts\/3301\/revisions"}],"predecessor-version":[{"id":3302,"href":"https:\/\/defrentealaverdad.com\/index.php\/wp-json\/wp\/v2\/posts\/3301\/revisions\/3302"}],"wp:attachment":[{"href":"https:\/\/defrentealaverdad.com\/index.php\/wp-json\/wp\/v2\/media?parent=3301"}],"wp:term":[{"taxonomy":"category","embeddable":true,"href":"https:\/\/defrentealaverdad.com\/index.php\/wp-json\/wp\/v2\/categories?post=3301"},{"taxonomy":"post_tag","embeddable":true,"href":"https:\/\/defrentealaverdad.com\/index.php\/wp-json\/wp\/v2\/tags?post=3301"}],"curies":[{"name":"wp","href":"https:\/\/api.w.org\/{rel}","templated":true}]}}