{"id":3298,"date":"2023-01-22T13:17:16","date_gmt":"2023-01-22T13:17:16","guid":{"rendered":"https:\/\/defrentealaverdad.com\/?p=3298"},"modified":"2023-01-23T13:18:16","modified_gmt":"2023-01-23T13:18:16","slug":"la-armada-rescata-a-8-de-las-12-personas-que-naufragaron","status":"publish","type":"post","link":"https:\/\/defrentealaverdad.com\/index.php\/2023\/01\/22\/la-armada-rescata-a-8-de-las-12-personas-que-naufragaron\/","title":{"rendered":"La Armada rescata a 8 de las 12 personas que naufragaron."},"content":{"rendered":"<div class=\"entry-content clearfix\">\n<figure class=\"wp-block-image size-large\" style=\"text-align: justify;\"><img decoding=\"async\" class=\"wp-image-4537 lazyload\" data-src=\"https:\/\/lasnoticiasdigital.com\/wp-content\/uploads\/2023\/01\/IMG-20230122-WA0072-1024x365.jpg\" data-sizes=\"(max-width: 1024px) 100vw, 1024px\" data-srcset=\"https:\/\/lasnoticiasdigital.com\/wp-content\/uploads\/2023\/01\/IMG-20230122-WA0072-1024x365.jpg 1024w, https:\/\/lasnoticiasdigital.com\/wp-content\/uploads\/2023\/01\/IMG-20230122-WA0072-300x107.jpg 300w, https:\/\/lasnoticiasdigital.com\/wp-content\/uploads\/2023\/01\/IMG-20230122-WA0072-768x274.jpg 768w, https:\/\/lasnoticiasdigital.com\/wp-content\/uploads\/2023\/01\/IMG-20230122-WA0072.jpg 1280w\" alt=\"\" width=\"1024\" height=\"365\" src=\"data:image\/svg+xml;base64,PHN2ZyB3aWR0aD0iMSIgaGVpZ2h0PSIxIiB4bWxucz0iaHR0cDovL3d3dy53My5vcmcvMjAwMC9zdmciPjwvc3ZnPg==\" style=\"--smush-placeholder-width: 1024px; --smush-placeholder-aspect-ratio: 1024\/365;\" \/><\/figure>\n<p style=\"text-align: justify;\">La Armada de Rep\u00fablica Dominicana (ARD) informa, que de las 12 personas desaparecidas hace varios d\u00edas, 8 a bordo de una yola fueron rescatados con vida, siendo trasportados al muelle de Puerto Plata. La Comandancia General enfatiza que a trav\u00e9s de las lanchas de la instituci\u00f3n se mantendr\u00e1 el operativo de b\u00fasqueda de los cuatro tripulantes restantes, quienes seg\u00fan los sobrevivientes al ser cuestionados manifestaron que ellos se lanzaron al mar con el objetivo de llegar a la orilla.<\/p>\n<p>El reporte preliminar precisa que al atracar en el puerto las embarcaciones navales con los sobrevivientes, estos fueron atendidos por personal m\u00e9dico del Sistema Nacional de Atenci\u00f3n a Emergencias y Seguridad 9-1-1 para su evaluaci\u00f3n y traslado a un centro m\u00e9dico de la ciudad de Puerto Plata. Los nombres de las personas rescatadas son: Julio C\u00e9sar Olivo, Eliza de la Cruz, Jos\u00e9 Miguel Rojas, Aurelio Jhon Sinradne, Carlos Ciprian de la Cruz, Jos\u00e9 Luis Reyes y Vicente Mart\u00ednez.<\/p>\n<p>Reiteramos como autoridad naval, que en cumplimiento de nuestra misi\u00f3n constitucional, no descansaremos hasta encontrar a las dem\u00e1s personas que saltaron de la embarcaci\u00f3n. Este operativo cuenta con el apoyo de embarcaciones y aeronaves de la Guardia Costera de Estados Unidos (USCG) y helic\u00f3pteros de la Fuerza A\u00e9rea de Rep\u00fablica Dominicana (FARD)<\/p>\n<\/div>\n<p>&nbsp;<\/p>\n<p>Fuente: Prensa FARD<\/p>\n<div class=\"entry-content clearfix\"><\/div>\n","protected":false},"excerpt":{"rendered":"<p>La Armada de Rep\u00fablica Dominicana (ARD) informa, que de las 12 personas desaparecidas hace varios<\/p>\n","protected":false},"author":1,"featured_media":0,"comment_status":"open","ping_status":"open","sticky":false,"template":"","format":"standard","meta":{"footnotes":""},"categories":[7],"tags":[],"class_list":["post-3298","post","type-post","status-publish","format-standard","hentry","category-nacionales"],"_links":{"self":[{"href":"https:\/\/defrentealaverdad.com\/index.php\/wp-json\/wp\/v2\/posts\/3298","targetHints":{"allow":["GET"]}}],"collection":[{"href":"https:\/\/defrentealaverdad.com\/index.php\/wp-json\/wp\/v2\/posts"}],"about":[{"href":"https:\/\/defrentealaverdad.com\/index.php\/wp-json\/wp\/v2\/types\/post"}],"author":[{"embeddable":true,"href":"https:\/\/defrentealaverdad.com\/index.php\/wp-json\/wp\/v2\/users\/1"}],"replies":[{"embeddable":true,"href":"https:\/\/defrentealaverdad.com\/index.php\/wp-json\/wp\/v2\/comments?post=3298"}],"version-history":[{"count":2,"href":"https:\/\/defrentealaverdad.com\/index.php\/wp-json\/wp\/v2\/posts\/3298\/revisions"}],"predecessor-version":[{"id":3300,"href":"https:\/\/defrentealaverdad.com\/index.php\/wp-json\/wp\/v2\/posts\/3298\/revisions\/3300"}],"wp:attachment":[{"href":"https:\/\/defrentealaverdad.com\/index.php\/wp-json\/wp\/v2\/media?parent=3298"}],"wp:term":[{"taxonomy":"category","embeddable":true,"href":"https:\/\/defrentealaverdad.com\/index.php\/wp-json\/wp\/v2\/categories?post=3298"},{"taxonomy":"post_tag","embeddable":true,"href":"https:\/\/defrentealaverdad.com\/index.php\/wp-json\/wp\/v2\/tags?post=3298"}],"curies":[{"name":"wp","href":"https:\/\/api.w.org\/{rel}","templated":true}]}}