{"id":3287,"date":"2023-01-21T13:08:42","date_gmt":"2023-01-21T13:08:42","guid":{"rendered":"https:\/\/defrentealaverdad.com\/?p=3287"},"modified":"2023-01-23T13:12:09","modified_gmt":"2023-01-23T13:12:09","slug":"cipefumi-eleige-su-nueva-directiva-para-el-bienio-2023-25","status":"publish","type":"post","link":"https:\/\/defrentealaverdad.com\/index.php\/2023\/01\/21\/cipefumi-eleige-su-nueva-directiva-para-el-bienio-2023-25\/","title":{"rendered":"CIPEFUMI eleige su nueva directiva para el bienio 2023-25"},"content":{"rendered":"<div>Por Manuel Feliz Rubio<\/div>\n<div><\/div>\n<div><img decoding=\"async\" class=\"alignnone size-medium wp-image-3288 lazyload\" data-src=\"https:\/\/defrentealaverdad.com\/wp-content\/uploads\/2023\/01\/WhatsApp-Image-2023-01-21-at-16.30.57-300x225.jpeg\" alt=\"\" width=\"300\" height=\"225\" data-srcset=\"https:\/\/defrentealaverdad.com\/wp-content\/uploads\/2023\/01\/WhatsApp-Image-2023-01-21-at-16.30.57-300x225.jpeg 300w, https:\/\/defrentealaverdad.com\/wp-content\/uploads\/2023\/01\/WhatsApp-Image-2023-01-21-at-16.30.57-1024x768.jpeg 1024w, https:\/\/defrentealaverdad.com\/wp-content\/uploads\/2023\/01\/WhatsApp-Image-2023-01-21-at-16.30.57-768x576.jpeg 768w, https:\/\/defrentealaverdad.com\/wp-content\/uploads\/2023\/01\/WhatsApp-Image-2023-01-21-at-16.30.57-720x540.jpeg 720w, https:\/\/defrentealaverdad.com\/wp-content\/uploads\/2023\/01\/WhatsApp-Image-2023-01-21-at-16.30.57.jpeg 1280w\" data-sizes=\"(max-width: 300px) 100vw, 300px\" src=\"data:image\/svg+xml;base64,PHN2ZyB3aWR0aD0iMSIgaGVpZ2h0PSIxIiB4bWxucz0iaHR0cDovL3d3dy53My5vcmcvMjAwMC9zdmciPjwvc3ZnPg==\" style=\"--smush-placeholder-width: 300px; --smush-placeholder-aspect-ratio: 300\/225;\" \/><\/div>\n<div style=\"text-align: justify;\"><\/div>\n<div><\/div>\n<div>\n<p style=\"text-align: justify;\">Santo Domingo (Rep\u00fablica Dominicana).- El C\u00edrculo de Periodistas de las Fuentes Militares (CIPEFUMI) eligi\u00f3 este viernes, a unanimidad, la \u00fanica plancha presentada como nueva directiva para dirigir la entidad para el bienio 2023-25 con lo que demuestra la unidad en la instituci\u00f3n.<\/p>\n<p style=\"text-align: justify;\">La directiva la encabezar\u00e1 Manuel Feliz Rubio, presidente; Ricardo Rojas Vicioso vicepresidente; como secretarios Elio Valdez, General; Descorides de la Rosa Tejeda, de Organizaci\u00f3n, Sobeyda Gonz\u00e1lez, de Finanzas.<\/p>\n<p style=\"text-align: justify;\">Completan la directiva, Ingrid Abreu, como secretaria de Relaciones P\u00fablicas; Andr\u00e9s Castillo, de Prensa y Propaganda; Rosa Cespedes, de Actas y Correspondencia; Ariel Mercedes, vocal; Wilson P\u00e9rez, asesor general; Jos\u00e9 Manuel Rosario, asesor jur\u00eddico y Gustavo Mer\u00e1n, consejero.<\/p>\n<p style=\"text-align: justify;\">Tras su elecci\u00f3n, Feliz Rubio agradeci\u00f3 la confianza depositada por sus colegas en el para seguir al frente del c\u00edrculo debido a que lleva cuatro a\u00f1os presidi\u00e9ndolo.<\/p>\n<p style=\"text-align: justify;\">Manifest\u00f3 que estos dos a\u00f1os ser\u00e1n sus \u00faltimos como presidente ya que la entidad debe seguir renov\u00e1ndose y fortaleci\u00e9ndose con los nuevos profesionales que se integran y la experiencia de aquellos que est\u00e1n en la misma desde su fundaci\u00f3n en 2018.<\/p>\n<p style=\"text-align: justify;\">En ese sentido, el nuevo secretario general, Elio Valdez, garantiz\u00f3 un trabajo en unidad para mejorar lo que est\u00e1 bien y con una visi\u00f3n objetiva y apegada a los mejores intereses de la poblaci\u00f3n desde el ejercicio profesional.<\/p>\n<p style=\"text-align: justify;\">\u201cVamos a seguir cubriendo los acontecimientos y actividades de los distintos cuerpos castrenses con la objetividad que nos caracteriza y ce\u00f1idos a los principios de la \u00e9tica del periodismo\u00bb, garantiz\u00f3.<\/p>\n<p style=\"text-align: justify;\">En tanto, el secretario de organizaci\u00f3n, Descorides de la Rosa Tejeda, se comprometi\u00f3 a continuar con el proceso de institucionalizaci\u00f3n del Cipefumi para que los altos mandos militares sepan que cuentan esa entidad para difundir de manera fidedigna las informaciones castrenses.<\/p>\n<p style=\"text-align: justify;\">El C\u00edrculo de Periodistas que Cubre las Fuentes Militares (CIPEFUMI) fue creado en el a\u00f1o 2018 y desde entonces se especializa en darle cobertura a los acontecimientos noticiosos que ocurren en los distintos cuerpos castrenses del pa\u00eds.<\/p>\n<p style=\"text-align: justify;\">\n<p style=\"text-align: justify;\">Fuente: Prensa CIPEFUMI<\/p>\n<\/div>\n","protected":false},"excerpt":{"rendered":"<p>Por Manuel Feliz Rubio Santo Domingo (Rep\u00fablica Dominicana).- El C\u00edrculo de Periodistas de las Fuentes<\/p>\n","protected":false},"author":1,"featured_media":0,"comment_status":"open","ping_status":"open","sticky":false,"template":"","format":"standard","meta":{"footnotes":""},"categories":[7],"tags":[],"class_list":["post-3287","post","type-post","status-publish","format-standard","hentry","category-nacionales"],"_links":{"self":[{"href":"https:\/\/defrentealaverdad.com\/index.php\/wp-json\/wp\/v2\/posts\/3287","targetHints":{"allow":["GET"]}}],"collection":[{"href":"https:\/\/defrentealaverdad.com\/index.php\/wp-json\/wp\/v2\/posts"}],"about":[{"href":"https:\/\/defrentealaverdad.com\/index.php\/wp-json\/wp\/v2\/types\/post"}],"author":[{"embeddable":true,"href":"https:\/\/defrentealaverdad.com\/index.php\/wp-json\/wp\/v2\/users\/1"}],"replies":[{"embeddable":true,"href":"https:\/\/defrentealaverdad.com\/index.php\/wp-json\/wp\/v2\/comments?post=3287"}],"version-history":[{"count":3,"href":"https:\/\/defrentealaverdad.com\/index.php\/wp-json\/wp\/v2\/posts\/3287\/revisions"}],"predecessor-version":[{"id":3291,"href":"https:\/\/defrentealaverdad.com\/index.php\/wp-json\/wp\/v2\/posts\/3287\/revisions\/3291"}],"wp:attachment":[{"href":"https:\/\/defrentealaverdad.com\/index.php\/wp-json\/wp\/v2\/media?parent=3287"}],"wp:term":[{"taxonomy":"category","embeddable":true,"href":"https:\/\/defrentealaverdad.com\/index.php\/wp-json\/wp\/v2\/categories?post=3287"},{"taxonomy":"post_tag","embeddable":true,"href":"https:\/\/defrentealaverdad.com\/index.php\/wp-json\/wp\/v2\/tags?post=3287"}],"curies":[{"name":"wp","href":"https:\/\/api.w.org\/{rel}","templated":true}]}}