{"id":3283,"date":"2023-01-20T19:05:35","date_gmt":"2023-01-20T19:05:35","guid":{"rendered":"https:\/\/defrentealaverdad.com\/?p=3283"},"modified":"2023-01-20T19:05:35","modified_gmt":"2023-01-20T19:05:35","slug":"miel-san-marcos-presenta-coritos","status":"publish","type":"post","link":"https:\/\/defrentealaverdad.com\/index.php\/2023\/01\/20\/miel-san-marcos-presenta-coritos\/","title":{"rendered":"Miel San Marcos presenta \u00abCoritos\u00bb"},"content":{"rendered":"<p style=\"text-align: justify;\"><img decoding=\"async\" class=\"alignnone size-medium wp-image-3284 lazyload\" data-src=\"https:\/\/defrentealaverdad.com\/wp-content\/uploads\/2023\/01\/WhatsApp-Image-2023-01-20-at-13.38.41-300x294.jpeg\" alt=\"\" width=\"300\" height=\"294\" data-srcset=\"https:\/\/defrentealaverdad.com\/wp-content\/uploads\/2023\/01\/WhatsApp-Image-2023-01-20-at-13.38.41-300x294.jpeg 300w, https:\/\/defrentealaverdad.com\/wp-content\/uploads\/2023\/01\/WhatsApp-Image-2023-01-20-at-13.38.41-1024x1005.jpeg 1024w, https:\/\/defrentealaverdad.com\/wp-content\/uploads\/2023\/01\/WhatsApp-Image-2023-01-20-at-13.38.41-768x754.jpeg 768w, https:\/\/defrentealaverdad.com\/wp-content\/uploads\/2023\/01\/WhatsApp-Image-2023-01-20-at-13.38.41.jpeg 1284w\" data-sizes=\"(max-width: 300px) 100vw, 300px\" src=\"data:image\/svg+xml;base64,PHN2ZyB3aWR0aD0iMSIgaGVpZ2h0PSIxIiB4bWxucz0iaHR0cDovL3d3dy53My5vcmcvMjAwMC9zdmciPjwvc3ZnPg==\" style=\"--smush-placeholder-width: 300px; --smush-placeholder-aspect-ratio: 300\/294;\" \/><\/p>\n<p style=\"text-align: justify;\">Miel San Marcos presenta \u00abCoritos\u00bb, un adelanto de su \u00e1lbum EVANGELIO, que se estrenar\u00e1 pr\u00f3ximamente en todas las plataformas musicales.<\/p>\n<p style=\"text-align: justify;\">\u00abS\u00f3lo Dios Hace Al Hombre Feliz\u00bb, \u00abUna Mirada De Fe\u00bb, \u00abYo Vine A Alabar A Dios\u00bb, \u00abEn El Principio\u00bb, \u00abMe Gozar\u00e9 (Me Alegrar\u00e9)\u00bb, \u00abAnte Ti Con Gozo\u00bb y \u00abMe Gozar\u00e9\u00bb son los temas elegidos para conformar esta cadena que transmite un mensaje fe y de exaltaci\u00f3n a Jes\u00fas.<\/p>\n<p style=\"text-align: justify;\">El video official del tema, filmado en vivo en el Crypto.com de Los \u00c1ngeles, California, re\u00fane a los pioneros del g\u00e9nero cristiano, Marcos Witt, Daniel Calveti e Ingrid Rosario.<\/p>\n<p style=\"text-align: justify;\">La experiencia en formato virtual podr\u00e1 revivirse en el canal de YouTube de Miel San Marcos, con contenido exclusivo en las redes sociales de la agrupaci\u00f3n.<\/p>\n<p style=\"text-align: justify;\">Adicionalmente, \u00abCoritos\u00bb cuenta con una versi\u00f3n instrumental, disponible tambi\u00e9n en plataformas digitales. Aqui te dejamos un saludo muy especial:<\/p>\n<div style=\"width: 640px;\" class=\"wp-video\"><video class=\"wp-video-shortcode\" id=\"video-3283-1\" width=\"640\" height=\"362\" preload=\"metadata\" controls=\"controls\"><source type=\"video\/mp4\" src=\"https:\/\/defrentealaverdad.com\/wp-content\/uploads\/2023\/01\/Miel-San-Marcos_Coritos_Saludo-Radios.mp4?_=1\" \/><a href=\"https:\/\/defrentealaverdad.com\/wp-content\/uploads\/2023\/01\/Miel-San-Marcos_Coritos_Saludo-Radios.mp4\">https:\/\/defrentealaverdad.com\/wp-content\/uploads\/2023\/01\/Miel-San-Marcos_Coritos_Saludo-Radios.mp4<\/a><\/video><\/div>\n<p style=\"text-align: justify;\">\n<p style=\"text-align: justify;\">Fuente: Stephanie Calvinisti<\/p>\n","protected":false},"excerpt":{"rendered":"<p>Miel San Marcos presenta \u00abCoritos\u00bb, un adelanto de su \u00e1lbum EVANGELIO, que se estrenar\u00e1 pr\u00f3ximamente<\/p>\n","protected":false},"author":1,"featured_media":0,"comment_status":"open","ping_status":"open","sticky":false,"template":"","format":"standard","meta":{"footnotes":""},"categories":[16],"tags":[],"class_list":["post-3283","post","type-post","status-publish","format-standard","hentry","category-internacionales"],"_links":{"self":[{"href":"https:\/\/defrentealaverdad.com\/index.php\/wp-json\/wp\/v2\/posts\/3283","targetHints":{"allow":["GET"]}}],"collection":[{"href":"https:\/\/defrentealaverdad.com\/index.php\/wp-json\/wp\/v2\/posts"}],"about":[{"href":"https:\/\/defrentealaverdad.com\/index.php\/wp-json\/wp\/v2\/types\/post"}],"author":[{"embeddable":true,"href":"https:\/\/defrentealaverdad.com\/index.php\/wp-json\/wp\/v2\/users\/1"}],"replies":[{"embeddable":true,"href":"https:\/\/defrentealaverdad.com\/index.php\/wp-json\/wp\/v2\/comments?post=3283"}],"version-history":[{"count":1,"href":"https:\/\/defrentealaverdad.com\/index.php\/wp-json\/wp\/v2\/posts\/3283\/revisions"}],"predecessor-version":[{"id":3286,"href":"https:\/\/defrentealaverdad.com\/index.php\/wp-json\/wp\/v2\/posts\/3283\/revisions\/3286"}],"wp:attachment":[{"href":"https:\/\/defrentealaverdad.com\/index.php\/wp-json\/wp\/v2\/media?parent=3283"}],"wp:term":[{"taxonomy":"category","embeddable":true,"href":"https:\/\/defrentealaverdad.com\/index.php\/wp-json\/wp\/v2\/categories?post=3283"},{"taxonomy":"post_tag","embeddable":true,"href":"https:\/\/defrentealaverdad.com\/index.php\/wp-json\/wp\/v2\/tags?post=3283"}],"curies":[{"name":"wp","href":"https:\/\/api.w.org\/{rel}","templated":true}]}}