{"id":3274,"date":"2023-01-19T13:46:21","date_gmt":"2023-01-19T13:46:21","guid":{"rendered":"https:\/\/defrentealaverdad.com\/?p=3274"},"modified":"2023-01-19T13:46:21","modified_gmt":"2023-01-19T13:46:21","slug":"iranies-conocen-a-jesus-en-suenos-y-experimentan-una-transformacion-radical","status":"publish","type":"post","link":"https:\/\/defrentealaverdad.com\/index.php\/2023\/01\/19\/iranies-conocen-a-jesus-en-suenos-y-experimentan-una-transformacion-radical\/","title":{"rendered":"Iran\u00edes conocen a Jes\u00fas en sue\u00f1os y experimentan una transformaci\u00f3n radical"},"content":{"rendered":"<div class=\"field-name-field-multimedia main-img\">\n<div class=\"field-items\">\n<div class=\"field-item\">\n<div class=\"entity entity-field-collection-item field-collection-item-field-multimedia clearfix\">\n<div class=\"content\" style=\"text-align: justify;\"><a href=\"https:\/\/www1.cbn.com\/mundocristiano\/el-mundo\/2023\/january\/iranies-conocen-a-jesus-en-suenos-y-experimentan-una-transformacion-radical\"><img decoding=\"async\" class=\"video-ratio-16-9 image-style-video-ratio-16-9 lazyload\" data-src=\"https:\/\/www1.cbn.com\/sites\/default\/files\/styles\/video_ratio_16_9\/public\/media\/slider\/images\/foto_de_mads_schmidt_rasmussen_en_unsplash.png?itok=wHWWf9Id\" alt=\"foto_de_mads_schmidt_rasmussen_en_unsplash.png\" width=\"1000\" height=\"563\" src=\"data:image\/svg+xml;base64,PHN2ZyB3aWR0aD0iMSIgaGVpZ2h0PSIxIiB4bWxucz0iaHR0cDovL3d3dy53My5vcmcvMjAwMC9zdmciPjwvc3ZnPg==\" style=\"--smush-placeholder-width: 1000px; --smush-placeholder-aspect-ratio: 1000\/563;\" \/><\/a><\/div>\n<\/div>\n<\/div>\n<\/div>\n<\/div>\n<div class=\"field field-name-body field-type-text-with-summary field-label-hidden view-mode-full\">\n<div class=\"field-items\">\n<div class=\"field-item even\">\n<p class=\"rtejustify\" style=\"text-align: justify;\">El fundador de un ministerio dedicado a servir a la iglesia clandestina iran\u00ed dijo que muchas personas en la naci\u00f3n restrictiva han encontrado a Jes\u00fas a trav\u00e9s de sue\u00f1os y visiones un fen\u00f3meno que es potencialmente extra\u00f1o a las culturas occidentales.<\/p>\n<p class=\"rtejustify\" style=\"text-align: justify;\">El reverendo L\u00e1zaro Yeghnazar, fundador de\u00a0Transform Ir\u00e1n, una organizaci\u00f3n que predica el Evangelio a Ir\u00e1n y la plantaci\u00f3n de iglesias, dijo a Faithwire de CBN que muchos iran\u00edes se encuentran cautivados por Cristo despu\u00e9s de estas apariciones.<\/p>\n<p class=\"rtejustify\" style=\"text-align: justify;\">\u00abNo pueden dejar de hablar de ello. De ah\u00ed la severa persecuci\u00f3n, la severidad de la brutalidad\u00bb, dijo Yeghnazar sobre la persecuci\u00f3n a la que se enfrentan muchos cristianos iran\u00edes. \u00abLos creyentes dir\u00e1n: &#8216;He visto una visi\u00f3n de un hombre con una t\u00fanica blanca, con una cruz en el hombro o en el coraz\u00f3n, y dice: &#8216;Yo soy Jes\u00fas'\u00bb.<\/p>\n<p class=\"rtejustify\" style=\"text-align: justify;\">Mientras que muchos creyentes en Occidente pueden conocer a Jes\u00fas como resultado de que otros compartan el Evangelio, los sue\u00f1os y las visiones son a veces los puntos de contacto en Ir\u00e1n que desencadenan el cambio de vida y la transformaci\u00f3n del coraz\u00f3n.<\/p>\n<p class=\"rtejustify\" style=\"text-align: justify;\">Yeghnazar se refiri\u00f3 a las Escrituras para mostrar c\u00f3mo Dios ha utilizado las visiones para comunicarse con la humanidad en el pasado y explic\u00f3 por qu\u00e9 los iran\u00edes podr\u00edan estar teniendo esta experiencia espiritual hoy en d\u00eda.<\/p>\n<p class=\"rtejustify\" style=\"text-align: justify;\">\u00abEn Oriente Medio, la gente ve visiones\u00bb, dijo. \u00abEn el entendimiento occidental, queremos que todo sea tangible, verificable, responsable\u00bb.<\/p>\n<p class=\"rtejustify\" style=\"text-align: justify;\">Pero dijo que la din\u00e1mica es muy distinta en Oriente Medio, donde estas experiencias resuenan profundamente en quienes las tienen.<\/p>\n<p class=\"rtejustify\" style=\"text-align: justify;\">\u00abEn Ir\u00e1n, la gente ve una visi\u00f3n: se despiertan sudando y temblando\u00bb, dijo Yeghnazar. Tambi\u00e9n record\u00f3 las muchas veces que el Se\u00f1or habl\u00f3 a destacados personajes b\u00edblicos a trav\u00e9s de sue\u00f1os, transmiti\u00e9ndoles mensajes esenciales que cambian la vida.<\/p>\n<p class=\"rtejustify\" style=\"text-align: justify;\">\u00abDesde Abraham a Mois\u00e9s, a Daniel, a Jos\u00e9, a Mar\u00eda, la madre de Cristo&#8230; todos ellos tuvieron sue\u00f1os\u00bb, dijo Yeghnazar. \u00abPedro, al principio de su ministerio, empez\u00f3 a ver sue\u00f1os\u00bb.<\/p>\n<p class=\"rtejustify\" style=\"text-align: justify;\">El ministro dijo que la gente podr\u00eda sorprenderse al ver la uni\u00f3n con respecto a la prevalencia de Dios hablando a trav\u00e9s de los sue\u00f1os para los occidentales frente a los de Oriente Medio.<\/p>\n<p class=\"rtejustify\" style=\"text-align: justify;\">\u00abEn cualquier reuni\u00f3n de cristianos iran\u00edes o afganos, si preguntas: &#8216;\u00bfCu\u00e1ntos han visto sue\u00f1os que han sido tocados, si no radicalmente, transformados a causa de una visi\u00f3n? y el 90% levantar\u00e1 la mano\u00bb, afirm\u00f3. \u00abSi preguntas a una iglesia de Wisconsin, o de Maryland, o de Boston: &#8216;\u00bfCu\u00e1ntas personas han venido a Cristo a trav\u00e9s de un sue\u00f1o?&#8217;, te dir\u00e1n: &#8216;\u00bfQu\u00e9 es un sue\u00f1o?'\u00bb.<\/p>\n<\/div>\n<\/div>\n<p>Fuente: Mundo de Cristo<\/p>\n<\/div>\n","protected":false},"excerpt":{"rendered":"<p>El fundador de un ministerio dedicado a servir a la iglesia clandestina iran\u00ed dijo que<\/p>\n","protected":false},"author":1,"featured_media":0,"comment_status":"open","ping_status":"open","sticky":false,"template":"","format":"standard","meta":{"footnotes":""},"categories":[16],"tags":[],"class_list":["post-3274","post","type-post","status-publish","format-standard","hentry","category-internacionales"],"_links":{"self":[{"href":"https:\/\/defrentealaverdad.com\/index.php\/wp-json\/wp\/v2\/posts\/3274","targetHints":{"allow":["GET"]}}],"collection":[{"href":"https:\/\/defrentealaverdad.com\/index.php\/wp-json\/wp\/v2\/posts"}],"about":[{"href":"https:\/\/defrentealaverdad.com\/index.php\/wp-json\/wp\/v2\/types\/post"}],"author":[{"embeddable":true,"href":"https:\/\/defrentealaverdad.com\/index.php\/wp-json\/wp\/v2\/users\/1"}],"replies":[{"embeddable":true,"href":"https:\/\/defrentealaverdad.com\/index.php\/wp-json\/wp\/v2\/comments?post=3274"}],"version-history":[{"count":1,"href":"https:\/\/defrentealaverdad.com\/index.php\/wp-json\/wp\/v2\/posts\/3274\/revisions"}],"predecessor-version":[{"id":3275,"href":"https:\/\/defrentealaverdad.com\/index.php\/wp-json\/wp\/v2\/posts\/3274\/revisions\/3275"}],"wp:attachment":[{"href":"https:\/\/defrentealaverdad.com\/index.php\/wp-json\/wp\/v2\/media?parent=3274"}],"wp:term":[{"taxonomy":"category","embeddable":true,"href":"https:\/\/defrentealaverdad.com\/index.php\/wp-json\/wp\/v2\/categories?post=3274"},{"taxonomy":"post_tag","embeddable":true,"href":"https:\/\/defrentealaverdad.com\/index.php\/wp-json\/wp\/v2\/tags?post=3274"}],"curies":[{"name":"wp","href":"https:\/\/api.w.org\/{rel}","templated":true}]}}