{"id":3269,"date":"2023-01-19T13:42:06","date_gmt":"2023-01-19T13:42:06","guid":{"rendered":"https:\/\/defrentealaverdad.com\/?p=3269"},"modified":"2023-01-19T13:42:06","modified_gmt":"2023-01-19T13:42:06","slug":"5-621-cristianos-fueron-asesinados-en-todo-el-mundo-por-su-fe-en-2022","status":"publish","type":"post","link":"https:\/\/defrentealaverdad.com\/index.php\/2023\/01\/19\/5-621-cristianos-fueron-asesinados-en-todo-el-mundo-por-su-fe-en-2022\/","title":{"rendered":"5.621 cristianos fueron asesinados en todo el mundo por su fe en 2022"},"content":{"rendered":"<p style=\"text-align: justify;\"><img decoding=\"async\" data-src=\"https:\/\/www.larazon.es\/resizer\/O6ut6KIi8E06MmmMutyJOhfD4Qw=\/600x400\/smart\/filters:format(jpg)\/cloudfront-eu-central-1.images.arcpublishing.com\/larazon\/PPYNUV7OOBH37LVJKQVPQJTOHU.jpg\" alt=\"5.621 cristianos asesinados por su fe en 2022\" src=\"data:image\/svg+xml;base64,PHN2ZyB3aWR0aD0iMSIgaGVpZ2h0PSIxIiB4bWxucz0iaHR0cDovL3d3dy53My5vcmcvMjAwMC9zdmciPjwvc3ZnPg==\" class=\"lazyload\" \/><\/p>\n<p>&nbsp;<\/p>\n<p style=\"text-align: justify;\">Un total de\u00a0<strong>5.621 cristianos fueron asesinados por su fe en todo el mundo en 2022<\/strong>, seg\u00fan la Lista Mundial de la Persecuci\u00f3n (LMP) presentada este mi\u00e9rcoles por la organizaci\u00f3n Puertas Abiertas, que clasifica los pa\u00edses donde los cristianos sufren la persecuci\u00f3n y la discriminaci\u00f3n m\u00e1s extremas.<\/p>\n<p style=\"text-align: justify;\">Esta cifra es inferior a la del \u00faltimo informe, que se situaba en 5.898 personas. Tambi\u00e9n se produjo un\u00a0<strong>descenso en el n\u00famero de iglesias atacadas, que pas\u00f3 de 5.110 a 2.110 casos registrados<\/strong>. Por todo ello, la organizaci\u00f3n estima que, tras la pandemia, parece producirse una cierta estabilizaci\u00f3n de la violencia contra este colectivo.<\/p>\n<p style=\"text-align: justify;\">Seg\u00fan la organizaci\u00f3n, en los 30 a\u00f1os de informes de la Lista Mundial de la Persecuci\u00f3n de Puertas Abiertas,\u00a0<strong>la persecuci\u00f3n cristiana ha aumentado. En la actualidad, m\u00e1s de 360 millones de cristianos sufren altos niveles<\/strong>\u00a0de persecuci\u00f3n y discriminaci\u00f3n por su fe; en los 50 primeros pa\u00edses de la lista, 312 millones de cristianos sufren niveles de persecuci\u00f3n \u201cmuy altos o extremos\u201d.<\/p>\n<p style=\"text-align: justify;\">Adem\u00e1s, destaca que en 1993 los cristianos afrontaban un nivel de persecuci\u00f3n de \u201calto a extremo\u201d en 40 pa\u00edses,\u00a0<strong>cifra que en 2023 se ha duplicado a 76 pa\u00edses<\/strong>.<\/p>\n<p style=\"text-align: justify;\">As\u00ed, destaca que\u00a0<strong>en varios pa\u00edses del Golfo P\u00e9rsico se ha promovido una mayor tolerancia<\/strong>\u00a0y la puntuaci\u00f3n de la persecuci\u00f3n ha descendido en Bahr\u00e9in (puesto 66), Emiratos \u00c1rabes Unidos (puesto 54) y Egipto (puesto 35). Adem\u00e1s, Catar \u201434 frente a 18 \u2014 tambi\u00e9n tiene una puntuaci\u00f3n m\u00e1s baja, aunque la ONG se\u00f1al\u00f3 que esto puede deberse al cierre masivo de iglesias durante el a\u00f1o pasado, que contin\u00faan cerradas este a\u00f1o.<\/p>\n<p style=\"text-align: justify;\">Por \u00e1reas geogr\u00e1ficas, el estudio asegura que\u00a0<strong>uno de cada siete cristianos experimenta, al menos, niveles altos de persecuci\u00f3n o discriminaci\u00f3n<\/strong>: uno de cada cinco en \u00c1frica, dos de cada cinco en Asia y uno de cada quince en Am\u00e9rica Latina.<\/p>\n<p style=\"text-align: justify;\">En concreto, el informe pone el foco en \u00c1frica subsahariana y, seg\u00fan la ONG, la violencia en la zona ha alcanzado nuevos niveles alarmantes a medida que los radicales islamistas desestabilizan la regi\u00f3n y usan la violencia extrema.<\/p>\n<p>&nbsp;<\/p>\n<p>Fuente: Sumarium<\/p>\n","protected":false},"excerpt":{"rendered":"<p>&nbsp; Un total de\u00a05.621 cristianos fueron asesinados por su fe en todo el mundo en<\/p>\n","protected":false},"author":1,"featured_media":0,"comment_status":"open","ping_status":"open","sticky":false,"template":"","format":"standard","meta":{"footnotes":""},"categories":[16],"tags":[],"class_list":["post-3269","post","type-post","status-publish","format-standard","hentry","category-internacionales"],"_links":{"self":[{"href":"https:\/\/defrentealaverdad.com\/index.php\/wp-json\/wp\/v2\/posts\/3269","targetHints":{"allow":["GET"]}}],"collection":[{"href":"https:\/\/defrentealaverdad.com\/index.php\/wp-json\/wp\/v2\/posts"}],"about":[{"href":"https:\/\/defrentealaverdad.com\/index.php\/wp-json\/wp\/v2\/types\/post"}],"author":[{"embeddable":true,"href":"https:\/\/defrentealaverdad.com\/index.php\/wp-json\/wp\/v2\/users\/1"}],"replies":[{"embeddable":true,"href":"https:\/\/defrentealaverdad.com\/index.php\/wp-json\/wp\/v2\/comments?post=3269"}],"version-history":[{"count":1,"href":"https:\/\/defrentealaverdad.com\/index.php\/wp-json\/wp\/v2\/posts\/3269\/revisions"}],"predecessor-version":[{"id":3270,"href":"https:\/\/defrentealaverdad.com\/index.php\/wp-json\/wp\/v2\/posts\/3269\/revisions\/3270"}],"wp:attachment":[{"href":"https:\/\/defrentealaverdad.com\/index.php\/wp-json\/wp\/v2\/media?parent=3269"}],"wp:term":[{"taxonomy":"category","embeddable":true,"href":"https:\/\/defrentealaverdad.com\/index.php\/wp-json\/wp\/v2\/categories?post=3269"},{"taxonomy":"post_tag","embeddable":true,"href":"https:\/\/defrentealaverdad.com\/index.php\/wp-json\/wp\/v2\/tags?post=3269"}],"curies":[{"name":"wp","href":"https:\/\/api.w.org\/{rel}","templated":true}]}}