{"id":3264,"date":"2023-01-19T13:37:28","date_gmt":"2023-01-19T13:37:28","guid":{"rendered":"https:\/\/defrentealaverdad.com\/?p=3264"},"modified":"2023-01-19T13:37:28","modified_gmt":"2023-01-19T13:37:28","slug":"liberan-chofer-de-autobus-dominicano-secuestrado-en-haiti-junto-a-grupo-de-turcos","status":"publish","type":"post","link":"https:\/\/defrentealaverdad.com\/index.php\/2023\/01\/19\/liberan-chofer-de-autobus-dominicano-secuestrado-en-haiti-junto-a-grupo-de-turcos\/","title":{"rendered":"Liberan chofer de autob\u00fas dominicano secuestrado en Hait\u00ed junto a grupo de turcos"},"content":{"rendered":"<p><img decoding=\"async\" class=\"alignnone lazyload\" data-src=\"https:\/\/diariolibre.blob.core.windows.net\/images\/2022\/05\/15\/autobus-metro-dfd300d7-focus-0-0-895-573.jpg\" alt=\"Liberan chofer de autob\u00fas dominicano secuestrado en Hait\u00ed junto a grupo de turcos\" src=\"data:image\/svg+xml;base64,PHN2ZyB3aWR0aD0iMSIgaGVpZ2h0PSIxIiB4bWxucz0iaHR0cDovL3d3dy53My5vcmcvMjAwMC9zdmciPjwvc3ZnPg==\" \/><\/p>\n<p style=\"text-align: justify;\">El ch\u00f3fer dominicano y la azafata haitiana del\u00a0<strong>autob\u00fas<\/strong>\u00a0que fue secuestrado en Hait\u00ed el pasado domingo fueron puestos en libertad este s\u00e1bado, inform\u00f3 la embajada dominicana en Puerto Pr\u00edncipe.<\/p>\n<p style=\"text-align: justify;\">El conductor Mart\u00edn Decena, de nacionalidad dominicana, fue puesto en libertad porque se encuentra en mal estado de salud, seg\u00fan afirm\u00f3 el embajador dominicano en Puerto Pr\u00edncipe, Faruk Miguel Castillo, en declaraciones a medios dominicanos.<\/p>\n<p style=\"text-align: justify;\">La fuente no dijo el nombre de la azafata, de nacionalidad haitiana, ni inform\u00f3 acerca de la situaci\u00f3n en la que se encuentran los pasajeros del\u00a0<strong>autob\u00fas<\/strong>, entre los que figuran ocho ciudadanos turcos.<\/p>\n<div id=\"dl_300x250_inread\" style=\"text-align: justify;\" data-google-query-id=\"CJeNoPff0_wCFeIswQodr3ADew\">\n<div id=\"google_ads_iframe_\/1659553\/dl_300x250_inread_0__container__\">El c\u00f3nsul honorario de Turqu\u00eda en Puerto Pr\u00edncipe, Hughes Josu\u00e9, inform\u00f3 hoy a Efe que los ocho turcos contin\u00faan secuestrados y confirm\u00f3 la liberaci\u00f3n del ch\u00f3fer y de la azafata.<\/div>\n<\/div>\n<p style=\"text-align: justify;\">Los turcos son cooperantes que viajan de forma habitual a Hait\u00ed para trabajar en proyectos de educaci\u00f3n y contin\u00faan secuestrados, seg\u00fan el c\u00f3nsul honorario.<\/p>\n<p style=\"text-align: justify;\">El\u00a0<strong>autob\u00fas<\/strong>, de la compa\u00f1\u00eda dominicana Metro, fue secuestrado el pasado domingo en la comuna de Croix-des-Bouquets, a las afueras de Puerto Pr\u00edncipe, en una zona controlada por la banda 400 Mawozo.<\/p>\n<p style=\"text-align: justify;\">En esa misma zona fue secuestrado el 28 de abril pasado el diplom\u00e1tico dominicano Carlos Guill\u00e9n Tatis, quien permaneci\u00f3 cuatro d\u00edas en cautiverio antes de ser puesto en libertad.<\/p>\n<p style=\"text-align: justify;\">El jueves pasado, la Polic\u00eda haitiana frustr\u00f3 un intento de secuestro de otro\u00a0<strong>autob\u00fas<\/strong>\u00a0de pasajeros en la zona de Croix-des-Bouquets.<\/p>\n<p style=\"text-align: justify;\">La 400 Mawozo rapt\u00f3 el a\u00f1o pasado, en la misma zona, a un grupo de 17 religiosos extranjeros, 16 de ellos estadounidenses y un canadiense, que permanecieron dos meses en cautiverio.<\/p>\n<p style=\"text-align: justify;\">Los secuestros se han multiplicado en los \u00faltimos dos a\u00f1os en Hait\u00ed con la proliferaci\u00f3n de las pandillas, que han convertido los rescates en una de sus principales fuentes de financiaci\u00f3n<\/p>\n<p>&nbsp;<\/p>\n<p>Fuente: EFE<\/p>\n","protected":false},"excerpt":{"rendered":"<p>El ch\u00f3fer dominicano y la azafata haitiana del\u00a0autob\u00fas\u00a0que fue secuestrado en Hait\u00ed el pasado domingo<\/p>\n","protected":false},"author":1,"featured_media":0,"comment_status":"open","ping_status":"open","sticky":false,"template":"","format":"standard","meta":{"footnotes":""},"categories":[16],"tags":[],"class_list":["post-3264","post","type-post","status-publish","format-standard","hentry","category-internacionales"],"_links":{"self":[{"href":"https:\/\/defrentealaverdad.com\/index.php\/wp-json\/wp\/v2\/posts\/3264","targetHints":{"allow":["GET"]}}],"collection":[{"href":"https:\/\/defrentealaverdad.com\/index.php\/wp-json\/wp\/v2\/posts"}],"about":[{"href":"https:\/\/defrentealaverdad.com\/index.php\/wp-json\/wp\/v2\/types\/post"}],"author":[{"embeddable":true,"href":"https:\/\/defrentealaverdad.com\/index.php\/wp-json\/wp\/v2\/users\/1"}],"replies":[{"embeddable":true,"href":"https:\/\/defrentealaverdad.com\/index.php\/wp-json\/wp\/v2\/comments?post=3264"}],"version-history":[{"count":1,"href":"https:\/\/defrentealaverdad.com\/index.php\/wp-json\/wp\/v2\/posts\/3264\/revisions"}],"predecessor-version":[{"id":3265,"href":"https:\/\/defrentealaverdad.com\/index.php\/wp-json\/wp\/v2\/posts\/3264\/revisions\/3265"}],"wp:attachment":[{"href":"https:\/\/defrentealaverdad.com\/index.php\/wp-json\/wp\/v2\/media?parent=3264"}],"wp:term":[{"taxonomy":"category","embeddable":true,"href":"https:\/\/defrentealaverdad.com\/index.php\/wp-json\/wp\/v2\/categories?post=3264"},{"taxonomy":"post_tag","embeddable":true,"href":"https:\/\/defrentealaverdad.com\/index.php\/wp-json\/wp\/v2\/tags?post=3264"}],"curies":[{"name":"wp","href":"https:\/\/api.w.org\/{rel}","templated":true}]}}