{"id":3256,"date":"2023-01-19T13:27:23","date_gmt":"2023-01-19T13:27:23","guid":{"rendered":"https:\/\/defrentealaverdad.com\/?p=3256"},"modified":"2023-01-19T13:29:26","modified_gmt":"2023-01-19T13:29:26","slug":"ee-uu-pide-a-la-oea-mantener-presion-sobre-nicaragua-venezuela-y-cuba","status":"publish","type":"post","link":"https:\/\/defrentealaverdad.com\/index.php\/2023\/01\/19\/ee-uu-pide-a-la-oea-mantener-presion-sobre-nicaragua-venezuela-y-cuba\/","title":{"rendered":"EE.UU. pide a la OEA mantener presi\u00f3n sobre Nicaragua, Venezuela y Cuba"},"content":{"rendered":"<p class=\"intro\" style=\"text-align: justify;\">\u00abNo podemos quedarnos callados cuando los gobiernos silencian las voces de la oposici\u00f3n, intimidan a la sociedad civil (&#8230;) y eliminan las instituciones democr\u00e1ticas\u00bb, dijo el embajador estadounidense Francisco Mora.<\/p>\n<div id=\"sharing-bar\" class=\"min\" style=\"text-align: justify;\"><span dir=\"ltr\">\u00a0<\/span><span dir=\"ltr\">\u00a0<\/span><\/div>\n<div class=\"picBox full\" style=\"text-align: justify;\">\n<p><a class=\"overlayLink init\" href=\"https:\/\/www.dw.com\/es\/eeuu-pide-a-la-oea-mantener-presi%C3%B3n-sobre-nicaragua-venezuela-y-cuba\/a-64444676#\" rel=\"nofollow\"><img decoding=\"async\" title=\"La polic\u00eda de Nicaragua ha sido acusada de cometer violaciones de derechos humanos y cr\u00edmenes de lesa humanidad. (Archivo: 13.08.2021)\" data-src=\"https:\/\/static.dw.com\/image\/58977372_303.jpg\" alt=\"La polic\u00eda de Nicaragua ha sido acusada de cometer violaciones de derechos humanos y cr\u00edmenes de lesa humanidad. (Archivo: 13.08.2021)\" width=\"700\" height=\"394\" src=\"data:image\/svg+xml;base64,PHN2ZyB3aWR0aD0iMSIgaGVpZ2h0PSIxIiB4bWxucz0iaHR0cDovL3d3dy53My5vcmcvMjAwMC9zdmciPjwvc3ZnPg==\" class=\"lazyload\" style=\"--smush-placeholder-width: 700px; --smush-placeholder-aspect-ratio: 700\/394;\" \/><\/a><\/p>\n<p>&nbsp;<\/p>\n<p>La polic\u00eda de Nicaragua ha sido acusada de cometer violaciones de derechos humanos y cr\u00edmenes de lesa humanidad. (Archivo: 13.08.2021)<\/p>\n<\/div>\n<div class=\"group\" style=\"text-align: justify;\">\n<div class=\"longText\">\n<p>El nuevo embajador de\u00a0Estados Unidos\u00a0ante la Organizaci\u00f3n de los Estados Americanos (OEA), Francisco Mora, pidi\u00f3 el mi\u00e9rcoles (18.01.2023) a los miembros del organismo mantener la presi\u00f3n contra los gobiernos de\u00a0Nicaragua,\u00a0Venezuela\u00a0y\u00a0Cuba\u00a0para que regresen a la \u00abdemocracia\u00bb.<\/p>\n<p>\u00abDebemos levantar la voz y defender la democracia cuando est\u00e1 bajo ataque. Todas nuestras delegaciones deben estar preocupadas por la erosi\u00f3n de la democracia y el impacto de la corrupci\u00f3n en las Am\u00e9ricas\u00bb, declar\u00f3 en su primera intervenci\u00f3n ante el consejo permanente de la OEA.<\/p>\n<p>Mora consider\u00f3 que\u00a0los Estados miembros \u00abno pueden permanecer callados\u00bb cuando un gobierno \u00absilencia a la oposici\u00f3n\u00a0e intimida a la sociedad civil\u00bb.<\/p>\n<\/div>\n<p>Puso de ejemplo a\u00a0Nicaragua, pa\u00eds al que exigi\u00f3 \u00abla inmediata e incondicional\u00bb liberaci\u00f3n de los presos pol\u00edticos\u00a0bajo el gobierno de Daniel Ortega, unos 235 seg\u00fan la oposici\u00f3n.<\/p>\n<p>\u00abLos Estados miembro de la OEA tenemos que mantener la presi\u00f3n al r\u00e9gimen de Ortega para que cambie su rumbo\u00bb, declar\u00f3.<\/p>\n<p>Asimismo, exigi\u00f3 que los venezolanos \u00abpuedan ejercer el derecho de elegir a sus propios l\u00edderes sin represi\u00f3n\u00bb y advirti\u00f3 de que Estados Unidos har\u00e1 que el presidente Nicol\u00e1s Maduro, \u00abrinda cuentas por sus atrocidades\u00bb.<\/p>\n<p>Mora, quien se declar\u00f3 \u00aborgullosamente cubano-estadounidense\u00bb, tambi\u00e9n levant\u00f3 la voz contra el gobierno de La Habana, al que acus\u00f3 de \u00abhostigar y detener a manifestantes pac\u00edficos, periodistas y voces independientes\u00bb.<\/p>\n<p>Francisco Mora fue ratificado el pasado diciembre por el Senado estadounidense como representante permanente ante la OEA, un cargo que estaba vacante desde que el presidente de Estados Unidos, Joe Biden, asumi\u00f3 el poder hace dos a\u00f1os.<\/p>\n<\/div>\n<p style=\"text-align: justify;\">Fuente: EFE<\/p>\n","protected":false},"excerpt":{"rendered":"<p>\u00abNo podemos quedarnos callados cuando los gobiernos silencian las voces de la oposici\u00f3n, intimidan a<\/p>\n","protected":false},"author":1,"featured_media":0,"comment_status":"open","ping_status":"open","sticky":false,"template":"","format":"standard","meta":{"footnotes":""},"categories":[16],"tags":[],"class_list":["post-3256","post","type-post","status-publish","format-standard","hentry","category-internacionales"],"_links":{"self":[{"href":"https:\/\/defrentealaverdad.com\/index.php\/wp-json\/wp\/v2\/posts\/3256","targetHints":{"allow":["GET"]}}],"collection":[{"href":"https:\/\/defrentealaverdad.com\/index.php\/wp-json\/wp\/v2\/posts"}],"about":[{"href":"https:\/\/defrentealaverdad.com\/index.php\/wp-json\/wp\/v2\/types\/post"}],"author":[{"embeddable":true,"href":"https:\/\/defrentealaverdad.com\/index.php\/wp-json\/wp\/v2\/users\/1"}],"replies":[{"embeddable":true,"href":"https:\/\/defrentealaverdad.com\/index.php\/wp-json\/wp\/v2\/comments?post=3256"}],"version-history":[{"count":2,"href":"https:\/\/defrentealaverdad.com\/index.php\/wp-json\/wp\/v2\/posts\/3256\/revisions"}],"predecessor-version":[{"id":3258,"href":"https:\/\/defrentealaverdad.com\/index.php\/wp-json\/wp\/v2\/posts\/3256\/revisions\/3258"}],"wp:attachment":[{"href":"https:\/\/defrentealaverdad.com\/index.php\/wp-json\/wp\/v2\/media?parent=3256"}],"wp:term":[{"taxonomy":"category","embeddable":true,"href":"https:\/\/defrentealaverdad.com\/index.php\/wp-json\/wp\/v2\/categories?post=3256"},{"taxonomy":"post_tag","embeddable":true,"href":"https:\/\/defrentealaverdad.com\/index.php\/wp-json\/wp\/v2\/tags?post=3256"}],"curies":[{"name":"wp","href":"https:\/\/api.w.org\/{rel}","templated":true}]}}