{"id":32536,"date":"2024-11-14T18:57:31","date_gmt":"2024-11-14T18:57:31","guid":{"rendered":"https:\/\/defrentealaverdad.com\/?p=32536"},"modified":"2024-11-19T18:59:24","modified_gmt":"2024-11-19T18:59:24","slug":"rcnoticias-y-chequea-se-asocian-para-brindar-novedoso-servicio-a-usuarios-de-taxis","status":"publish","type":"post","link":"https:\/\/defrentealaverdad.com\/index.php\/2024\/11\/14\/rcnoticias-y-chequea-se-asocian-para-brindar-novedoso-servicio-a-usuarios-de-taxis\/","title":{"rendered":"RCNoticias y \u201cChequea\u201d se asocian para brindar novedoso servicio a usuarios de taxis"},"content":{"rendered":"<blockquote>\n<p class=\"wp-block-heading\"><em>Pasajeros de Uber, DiDi e inDriver podr\u00e1n recibir las noticias y temas de entretenimientos mientras viajan<\/em><\/p>\n<\/blockquote>\n<p>Seg\u00fan Rizik, la idea es que con \u201cChequea\u201d las marcas se pueden conectar de verdad con los usuarios y clientes. El proyecto consiste en colocar tabletas en el veh\u00edculo que utilizan aplicaciones para servicios de taxis para brindar una experiencia m\u00e1s all\u00e1 de ver un anuncio, sino que se pueda interactuar con el dispositivo.<\/p>\n<blockquote class=\"wp-block-quote is-layout-flow wp-block-quote-is-layout-flow\"><p>\u201cRealmente yo siempre busco como innovar. Vi la oportunidad de este proyecto que ha funcionado en varios pa\u00edses; ya tiene muchos a\u00f1os en Estados Unidos, Chile y Puerto Rico. Se integr\u00f3 en Latinoam\u00e9rica hace alrededor de cinco a\u00f1os y yo dije por qu\u00e9 no aqu\u00ed en la Rep\u00fablica Dominicana, en un pa\u00eds donde estamos progresando cada d\u00eda m\u00e1s\u201d, coment\u00f3 el emprendedor Rizik.<\/p><\/blockquote>\n<blockquote class=\"wp-block-quote is-layout-flow wp-block-quote-is-layout-flow\"><p>Roberto Cavada, de \u201cRCNoticias\u201d dijo que con la alianza con \u201cChequea\u201d se busca crear una sinergia. \u201cYo dije: tengo mi plataforma digital, tengo mi programa de radio, salgo en televisi\u00f3n, \u00bfqu\u00e9 me falta? Exteriores. Vi a Rizk y su tremenda idea y le convenc\u00ed de brindar este servicio publicando en estas mini vallas, titulares de noticias, pero adem\u00e1s puedo poner el c\u00f3digo QR y que los pasajeros lo escaneen para que vayan directo a ampliar en la web robertocavada.com\u201d<\/p><\/blockquote>\n<p>\u201cActualmente hay cincuenta conductores con la pantalla instalada que mueven m\u00e1s de 18 mil pasajeros mensualmente en la capital\u201d detall\u00f3 el emprendedor Rizik y que para finales de diciembre esperan llegar a 100 veh\u00edculos, duplicando la cantidad de viejas que ser\u00edan 36 mil viajes mensuales o alrededor de 36 mil pasajeros solo en el entorno del Distrito Nacional y el Gran santo Domingo.<\/p>\n<figure class=\"wp-block-image size-large\"><img decoding=\"async\" class=\"wp-image-437452 aligncenter lazyload\" data-src=\"https:\/\/robertocavada.com\/wp-content\/uploads\/2024\/11\/850a94a0-fb25-480b-b4be-d4801d61db71-1024x768.jpeg\" data-sizes=\"(max-width: 1024px) 100vw, 1024px\" data-srcset=\"https:\/\/robertocavada.com\/wp-content\/uploads\/2024\/11\/850a94a0-fb25-480b-b4be-d4801d61db71-1024x768.jpeg 1024w, https:\/\/robertocavada.com\/wp-content\/uploads\/2024\/11\/850a94a0-fb25-480b-b4be-d4801d61db71-300x225.jpeg 300w, https:\/\/robertocavada.com\/wp-content\/uploads\/2024\/11\/850a94a0-fb25-480b-b4be-d4801d61db71-768x576.jpeg 768w, https:\/\/robertocavada.com\/wp-content\/uploads\/2024\/11\/850a94a0-fb25-480b-b4be-d4801d61db71-1536x1152.jpeg 1536w, https:\/\/robertocavada.com\/wp-content\/uploads\/2024\/11\/850a94a0-fb25-480b-b4be-d4801d61db71-370x278.jpeg 370w, https:\/\/robertocavada.com\/wp-content\/uploads\/2024\/11\/850a94a0-fb25-480b-b4be-d4801d61db71.jpeg 1600w\" alt=\"\" width=\"1024\" height=\"768\" src=\"data:image\/svg+xml;base64,PHN2ZyB3aWR0aD0iMSIgaGVpZ2h0PSIxIiB4bWxucz0iaHR0cDovL3d3dy53My5vcmcvMjAwMC9zdmciPjwvc3ZnPg==\" style=\"--smush-placeholder-width: 1024px; --smush-placeholder-aspect-ratio: 1024\/768;\" \/><\/figure>\n<p>M\u00e1s de trecientos conductores est\u00e1n interesados en tener la pantalla en sus veh\u00edculos, ya que con esta plataforma pueden generar ingresos extras, adelant\u00f3 Rizik.<\/p>\n<p>Es el caso de Danis Morillo, qui\u00e9n est\u00e1 usando la plataforma desde el mes de marzo y les recomienda a sus colegas contar con este moderno sistema en su veh\u00edculo. \u201cDecirle a los choferes que es una forma de ganar dinero extra sin tener que trabajar, es algo que simplemente va a estar ah\u00ed consumiendo 12 voltios y usted va a generar dinero extra\u201d, coment\u00f3.<\/p>\n<blockquote><p><em>Viajar en Rep\u00fablica Dominicana en cualquiera de las plataformas de taxis (Uber, Didi e Indriver) ser\u00e1 diferente, informativa y entretenida gracias a la m\u00e1s reciente alianza entre \u201cRCNoticias\u201d que preside Roberto Cavada y \u201cChequea\u201d la compa\u00f1\u00eda de Paul Rizik.<\/em><\/p><\/blockquote>\n<p>Kendri Frometa que trabaja en las diferentes plataformas como DiDi, Uber e inDriver, explic\u00f3 que tiene aproximadamente unos 15 d\u00edas usando la pantalla y ha sido un \u00e9xito \u201cel cliente se siente muy amigable, el cliente se siente m\u00e1s moderno, m\u00e1s c\u00f3modo\u201d se\u00f1al\u00f3.<\/p>\n<p>As\u00ed mismo dijo que gracias a la pantalla he podido recibir mejor valoraci\u00f3n de los pasajeros \u201clo que m\u00e1s me ha impresionado hasta el momento es que los clientes les ha gustado, incluso hasta se distraen y siente que llegan m\u00e1s r\u00e1pido\u201d.<\/p>\n<p>Morillo tambi\u00e9n se\u00f1alo que \u201clos clientes hasta ahora cuando se montan se impresionan al ver los anuncios, los resultados de la pelota, que pueden escanear c\u00f3digo QR y los ni\u00f1os tambi\u00e9n se quedan impresionados\u201d.<\/p>\n<p>Adem\u00e1s de anuncios, la idea es que el usuario pueda recibir informaci\u00f3n valiosa, como por ejemplo las tasas de cambio del d\u00f3lar y el euro, condiciones del clima y juegos de cultura.<\/p>\n<blockquote><p>\u201cEs un servicio que ha sido un \u00e9xito, a los pasajeros les ha encantado hasta ahora\u201d seg\u00fan cont\u00f3 Rizik, qui\u00e9n adelant\u00f3 que ahora se van a extender a Santiago, entre otras provincias.<\/p><\/blockquote>\n<p>Fuente: RC Noticias<\/p>\n","protected":false},"excerpt":{"rendered":"<p>Pasajeros de Uber, DiDi e inDriver podr\u00e1n recibir las noticias y temas de entretenimientos mientras<\/p>\n","protected":false},"author":4,"featured_media":32538,"comment_status":"open","ping_status":"open","sticky":false,"template":"","format":"standard","meta":{"footnotes":""},"categories":[7],"tags":[],"class_list":["post-32536","post","type-post","status-publish","format-standard","has-post-thumbnail","hentry","category-nacionales"],"_links":{"self":[{"href":"https:\/\/defrentealaverdad.com\/index.php\/wp-json\/wp\/v2\/posts\/32536","targetHints":{"allow":["GET"]}}],"collection":[{"href":"https:\/\/defrentealaverdad.com\/index.php\/wp-json\/wp\/v2\/posts"}],"about":[{"href":"https:\/\/defrentealaverdad.com\/index.php\/wp-json\/wp\/v2\/types\/post"}],"author":[{"embeddable":true,"href":"https:\/\/defrentealaverdad.com\/index.php\/wp-json\/wp\/v2\/users\/4"}],"replies":[{"embeddable":true,"href":"https:\/\/defrentealaverdad.com\/index.php\/wp-json\/wp\/v2\/comments?post=32536"}],"version-history":[{"count":1,"href":"https:\/\/defrentealaverdad.com\/index.php\/wp-json\/wp\/v2\/posts\/32536\/revisions"}],"predecessor-version":[{"id":32537,"href":"https:\/\/defrentealaverdad.com\/index.php\/wp-json\/wp\/v2\/posts\/32536\/revisions\/32537"}],"wp:featuredmedia":[{"embeddable":true,"href":"https:\/\/defrentealaverdad.com\/index.php\/wp-json\/wp\/v2\/media\/32538"}],"wp:attachment":[{"href":"https:\/\/defrentealaverdad.com\/index.php\/wp-json\/wp\/v2\/media?parent=32536"}],"wp:term":[{"taxonomy":"category","embeddable":true,"href":"https:\/\/defrentealaverdad.com\/index.php\/wp-json\/wp\/v2\/categories?post=32536"},{"taxonomy":"post_tag","embeddable":true,"href":"https:\/\/defrentealaverdad.com\/index.php\/wp-json\/wp\/v2\/tags?post=32536"}],"curies":[{"name":"wp","href":"https:\/\/api.w.org\/{rel}","templated":true}]}}