{"id":32492,"date":"2024-11-15T13:29:50","date_gmt":"2024-11-15T13:29:50","guid":{"rendered":"https:\/\/defrentealaverdad.com\/?p=32492"},"modified":"2024-11-19T13:30:18","modified_gmt":"2024-11-19T13:30:18","slug":"15-de-noviembre-dia-mundial-sin-alcohol","status":"publish","type":"post","link":"https:\/\/defrentealaverdad.com\/index.php\/2024\/11\/15\/15-de-noviembre-dia-mundial-sin-alcohol\/","title":{"rendered":"15 de noviembre. Dia Mundial sin Alcohol"},"content":{"rendered":"<p>La Organizaci\u00f3n Mundial de la Salud (OMS) instaur\u00f3 el 15 de noviembre como el \u201cD\u00eda Mundial sin Alcohol\u201d con el objetivo principal de fomentar la responsabilidad de las personas, sobre todo de las y los adolescentes y j\u00f3venes de todas las regiones del mundo, para controlar el consumo de esta sustancia y hacerlos conscientes de sus peligrosas consecuencias.<\/p>\n<p>De acuerdo a informaci\u00f3n extra\u00edda del Centro de Ayuda al Alcoh\u00f3lico y sus Familiares (CAAF), unidad especializada del Instituto Nacional de Psiquiatr\u00eda \u201cRam\u00f3n de la Fuente Mu\u00f1iz\u201d, de la Secretar\u00eda de Salud (SS), el 63 % de la poblaci\u00f3n identificada en un estudio como consumidora de alcohol, son adolescentes y j\u00f3venes que se encuentran entre los 12 a los 24 a\u00f1os de edad.<\/p>\n<p>Por lo anterior, el Instituto Mexicano de la Juventud (Imjuve) a trav\u00e9s del Programa Nacional de Juventud (Projuventud) 2014-2018, propone en su segundo objetivo: Bienestar, promover condiciones para que las y los j\u00f3venes del pa\u00eds tengan un entorno digno a trav\u00e9s de esquemas de salud, convivencia y seguridad que les permitan desarrollarse de manera plana e integral.<\/p>\n<p>El consumo excesivo de alcohol lleva consigo y est\u00e1 relacionado con un gran n\u00famero de trastornos y enfermedades, entre las que se encuentran:<\/p>\n<ul>\n<li>Adicci\u00f3n y dependencia.<\/li>\n<li>Subida de la tensi\u00f3n arterial.<\/li>\n<li>Posibilidad de desarrollar tipos de c\u00e1ncer<\/li>\n<li>Da\u00f1o cerebral<\/li>\n<li>Problemas de memoria<\/li>\n<li>Da\u00f1o en las mucosas del aparato digestivo.<\/li>\n<li>Problemas de alimentaci\u00f3n<\/li>\n<li>Problemas sociales y econ\u00f3micos<\/li>\n<\/ul>\n<p>Fuente: Gobierno de Mexico<\/p>\n","protected":false},"excerpt":{"rendered":"<p>La Organizaci\u00f3n Mundial de la Salud (OMS) instaur\u00f3 el 15 de noviembre como el \u201cD\u00eda<\/p>\n","protected":false},"author":2,"featured_media":32494,"comment_status":"open","ping_status":"open","sticky":false,"template":"","format":"standard","meta":{"footnotes":""},"categories":[16],"tags":[],"class_list":["post-32492","post","type-post","status-publish","format-standard","has-post-thumbnail","hentry","category-internacionales"],"_links":{"self":[{"href":"https:\/\/defrentealaverdad.com\/index.php\/wp-json\/wp\/v2\/posts\/32492","targetHints":{"allow":["GET"]}}],"collection":[{"href":"https:\/\/defrentealaverdad.com\/index.php\/wp-json\/wp\/v2\/posts"}],"about":[{"href":"https:\/\/defrentealaverdad.com\/index.php\/wp-json\/wp\/v2\/types\/post"}],"author":[{"embeddable":true,"href":"https:\/\/defrentealaverdad.com\/index.php\/wp-json\/wp\/v2\/users\/2"}],"replies":[{"embeddable":true,"href":"https:\/\/defrentealaverdad.com\/index.php\/wp-json\/wp\/v2\/comments?post=32492"}],"version-history":[{"count":1,"href":"https:\/\/defrentealaverdad.com\/index.php\/wp-json\/wp\/v2\/posts\/32492\/revisions"}],"predecessor-version":[{"id":32493,"href":"https:\/\/defrentealaverdad.com\/index.php\/wp-json\/wp\/v2\/posts\/32492\/revisions\/32493"}],"wp:featuredmedia":[{"embeddable":true,"href":"https:\/\/defrentealaverdad.com\/index.php\/wp-json\/wp\/v2\/media\/32494"}],"wp:attachment":[{"href":"https:\/\/defrentealaverdad.com\/index.php\/wp-json\/wp\/v2\/media?parent=32492"}],"wp:term":[{"taxonomy":"category","embeddable":true,"href":"https:\/\/defrentealaverdad.com\/index.php\/wp-json\/wp\/v2\/categories?post=32492"},{"taxonomy":"post_tag","embeddable":true,"href":"https:\/\/defrentealaverdad.com\/index.php\/wp-json\/wp\/v2\/tags?post=32492"}],"curies":[{"name":"wp","href":"https:\/\/api.w.org\/{rel}","templated":true}]}}