{"id":32231,"date":"2024-11-15T00:15:09","date_gmt":"2024-11-15T00:15:09","guid":{"rendered":"https:\/\/defrentealaverdad.com\/?p=32231"},"modified":"2024-11-19T19:21:01","modified_gmt":"2024-11-19T19:21:01","slug":"32231","status":"publish","type":"post","link":"https:\/\/defrentealaverdad.com\/index.php\/2024\/11\/15\/32231\/","title":{"rendered":"Observatorio de Medios Digitales anuncia nominados a Premio Nacional de Periodismo Digital 2024"},"content":{"rendered":"<p style=\"text-align: left;\">El Observatorio de Medios Digitales Dominicanos anunci\u00f3 este viernes a los nominados al Premio Nacional de Periodismo Digital 2024, evento a realizarse el pr\u00f3ximo 26 de noviembre con el patrocinio del Banco Popular y el Consorcio Energ\u00e9tico Punta Cana-Macao.<\/p>\n<p style=\"text-align: justify;\">En ese sentido, la presidenta del Observatorio, periodista Cristal Acevedo, inform\u00f3 que la ceremonia de entrega ser\u00e1 realizada en la sala Aida Bonnelly del Teatro Nacional, a las 7:00 de la noche.<\/p>\n<p style=\"text-align: justify;\">Adem\u00e1s, del Banco Popular y el Consorcio Energ\u00e9tico Punta Cana-Macao, el Premio tambi\u00e9n cuenta con el respaldo de Grabo Estilo y Aden Business School.<\/p>\n<p style=\"text-align: justify;\">Con respecto a los nominados al Premio, explic\u00f3 que la lista est\u00e1 compuesta por los medios digitales, comunicadores y periodistas que en el \u00faltimo a\u00f1o han trabajado arduamente en la mejora del contenido que producen para la web.<\/p>\n<p><strong>Nominados 2024<\/strong><\/p>\n<p style=\"text-align: justify;\">La lista de nominados es la siguiente:<\/p>\n<p style=\"text-align: justify;\">Periodista digital del a\u00f1o<\/p>\n<ul>\n<li style=\"text-align: justify;\">Joan Santana<\/li>\n<li>Miguel \u00c1ngel Herrrera<\/li>\n<li>Ricardo Oviedo<\/li>\n<li>Shaddai Carolina Eves Feliz<\/li>\n<\/ul>\n<p>Mejor peri\u00f3dico nativo digital<\/p>\n<ul>\n<li>deultimominuto.net<\/li>\n<li>elpregonerord.com<\/li>\n<li>enredadord.com<\/li>\n<li>hackeandoelsistema.net<\/li>\n<li>pinceldigital.do<\/li>\n<\/ul>\n<p>Mejor reportaje en digital<\/p>\n<ul>\n<li style=\"text-align: justify;\">Distribuci\u00f3n, el tal\u00f3n de Aquiles del cine dominicano escrito por Karla Alc\u00e1ntara en acento.com.do.<\/li>\n<li style=\"text-align: justify;\">Elmiranda de la Cruz, \u201cel c\u00e1ncer de mama me derrib\u00f3 m\u00e1s no me destruy\u00f3\u201d, escrito por Mar\u00eda Ramos para elcaribe.com.do.<\/li>\n<li style=\"text-align: justify;\">La pesca como engranaje econ\u00f3mico y sost\u00e9n del turismo dominicano, escrito por la periodista Mar\u00eda Jim\u00e9nez para elnuevodiario.com.do.<\/li>\n<li style=\"text-align: justify;\">R\u00edos de Hig\u00fcey languidecen entre pl\u00e1sticos y aguas residuales, escrito por Mayerlin Mart\u00ednez para mdigitalrd.com.<\/li>\n<li style=\"text-align: justify;\">Oro en San Juan, \u00bfdesarrollo o amenaza ambiental?, escrito por Lorian Cuevas para el elavancemedia.com.<\/li>\n<\/ul>\n<p style=\"text-align: justify;\">Mejor proyecto de innovaci\u00f3n en medios digitales<\/p>\n<ul>\n<li>diarioagropecuario.com<\/li>\n<li>Editoriales de multimedios Panorama<\/li>\n<li>En menos de un minuto del periodista Hanobi Delgado<\/li>\n<li>Inmobiliario.do<\/li>\n<\/ul>\n<p>Mejor programa de medios digitales<\/p>\n<ul>\n<li>Finanzas con humor en YouTube<\/li>\n<li>Con la doctora Controversia de El Nuevo Diario<\/li>\n<li>Conecta2 con Ana Inoa de Xtra86.net<\/li>\n<li>Enfrentados de El Nuevo Diario<\/li>\n<\/ul>\n<p>Mejor versi\u00f3n digital de un medio impreso:<\/p>\n<ul>\n<li>Diario Libre<\/li>\n<li>El Nuevo Diario<\/li>\n<li>Peri\u00f3dico Hoy<\/li>\n<li>List\u00edn Diario<\/li>\n<\/ul>\n<p>Mejor peri\u00f3dico digital de salud<\/p>\n<ul>\n<li>actualidadmedica.com.do<\/li>\n<li>diariodesalud.com.do<\/li>\n<li>resumendesalud.net<\/li>\n<li>saludnews.net<\/li>\n<\/ul>\n<p>Mejor peri\u00f3dico digital de deportes<\/p>\n<ul>\n<li>Impactodeportivord.com<\/li>\n<li>futboltotalrd.com<\/li>\n<li>momentodeportivord.com<\/li>\n<li>piodeportes.com<\/li>\n<\/ul>\n<p>Mejor peri\u00f3dico digital de espect\u00e1culos<\/p>\n<ul>\n<li>fuegoalalata.do<\/li>\n<li>herrerafarandula.net<\/li>\n<li>luminariastv.com<\/li>\n<li>masvip.com.do<\/li>\n<\/ul>\n<p>Mejor peri\u00f3dico digital de turismo<\/p>\n<ul>\n<li>infoturdominicano.com<\/li>\n<li>recorriendoconsalvador.com<\/li>\n<li>touringdominicanrepublic.com<\/li>\n<li>visitantes.do<\/li>\n<\/ul>\n<p>Mejor peri\u00f3dico digital de econom\u00eda<\/p>\n<ul>\n<li>eldinero.com.do<\/li>\n<li>lasfinanzasrd.com<\/li>\n<li>rdtributa.com.do<\/li>\n<li>ritmoeconomico.com<\/li>\n<\/ul>\n<p>Mejor peri\u00f3dico digital del Sur<\/p>\n<ul>\n<li>avanceprovincial.com.do<\/li>\n<li>diariovision.do<\/li>\n<li>lalupadelsur.com<\/li>\n<li>ocoaenred.com<\/li>\n<\/ul>\n<p>Mejor peri\u00f3dico digital del Cibao<\/p>\n<ul>\n<li>eljacaguero.com.do<\/li>\n<li>elnaguero.com<\/li>\n<li>tenarenses.com<\/li>\n<li>tuvozrd.com<\/li>\n<\/ul>\n<p>Mejor peri\u00f3dico digital del Este<\/p>\n<ul>\n<li>bavarodigital.net<\/li>\n<li>juniornoticias.com<\/li>\n<li>viphatomayor.com<\/li>\n<li>yamasadigital.com<\/li>\n<\/ul>\n<p>Mejor periodista en redes sociales*<\/p>\n<ul>\n<li>Ram\u00f3n Tolentino<\/li>\n<li>Ricardo Nieves<\/li>\n<li>Roberto Cavada<\/li>\n<li>Nuria Piera<\/li>\n<\/ul>\n<p>Mejor nuevo medio digital<\/p>\n<ul>\n<li>elavancemedia.co<\/li>\n<li>elnavegadord.com<\/li>\n<li>eltestigo.do<\/li>\n<li>panorama.com.do<\/li>\n<li>saturno.com.do<\/li>\n<\/ul>\n<p>Mejor podcast<\/p>\n<ul>\n<li>Azul podcas<\/li>\n<li>Cu\u00e9ntame m\u00e1s podcast<\/li>\n<li>El nuevo diario podcas<\/li>\n<li>Pesos pesados podcast<\/li>\n<\/ul>\n<p>Mejor dise\u00f1o Web<\/p>\n<ul>\n<li>eltestigo.do<\/li>\n<li>deultimominuto.net<\/li>\n<li>diariodelpais.com<\/li>\n<li>panorama.com.do<\/li>\n<\/ul>\n<p style=\"text-align: justify;\">Para evaluar al conjunto de nominados, elObservatorio de Medios Digitales Dominicanos conform\u00f3 un jurado, encabezado por el veterano periodista Jos\u00e9 Rafael Sosa.<\/p>\n<p style=\"text-align: justify;\">Adem\u00e1s de las categor\u00edas a evaluar, el jurado tendr\u00e1 a su cargo escoger al periodista que se le otorgar\u00e1 el Premio Nacional de Periodismo Digital 2024.<\/p>\n<p style=\"text-align: justify;\">Con respecto a los criterios de selecci\u00f3n de los ganadores, el jurado tomar\u00e1 en cuenta la calidad del contenido, el tratamiento a la informaci\u00f3n y que los medios, comunicadores y periodistas cumplan con las caracter\u00edsticas del periodismo digital.<\/p>\n<p style=\"text-align: justify;\">En adici\u00f3n a Sosa, en el jurado hacen parte el presidente del Colegio Dominicano de Periodista, Aurelio Henr\u00edquez; el presidente del C\u00edrculo de Reporteros Gr\u00e1ficos, Corpus Montero; la presidente del C\u00edrculo de Locutores Dominicanos, Hilda Peguero y el presidente de la Asociaci\u00f3n de Medios Digitales de Santo Domingo, Miguel \u00c1ngel Guti\u00e9rrez.<\/p>\n<p>Fuente: Observatorio Medios Digitales<\/p>\n","protected":false},"excerpt":{"rendered":"<p>El Observatorio de Medios Digitales Dominicanos anunci\u00f3 este viernes a los nominados al Premio Nacional<\/p>\n","protected":false},"author":4,"featured_media":32232,"comment_status":"open","ping_status":"open","sticky":false,"template":"","format":"standard","meta":{"footnotes":""},"categories":[7],"tags":[],"class_list":["post-32231","post","type-post","status-publish","format-standard","has-post-thumbnail","hentry","category-nacionales"],"_links":{"self":[{"href":"https:\/\/defrentealaverdad.com\/index.php\/wp-json\/wp\/v2\/posts\/32231","targetHints":{"allow":["GET"]}}],"collection":[{"href":"https:\/\/defrentealaverdad.com\/index.php\/wp-json\/wp\/v2\/posts"}],"about":[{"href":"https:\/\/defrentealaverdad.com\/index.php\/wp-json\/wp\/v2\/types\/post"}],"author":[{"embeddable":true,"href":"https:\/\/defrentealaverdad.com\/index.php\/wp-json\/wp\/v2\/users\/4"}],"replies":[{"embeddable":true,"href":"https:\/\/defrentealaverdad.com\/index.php\/wp-json\/wp\/v2\/comments?post=32231"}],"version-history":[{"count":2,"href":"https:\/\/defrentealaverdad.com\/index.php\/wp-json\/wp\/v2\/posts\/32231\/revisions"}],"predecessor-version":[{"id":32234,"href":"https:\/\/defrentealaverdad.com\/index.php\/wp-json\/wp\/v2\/posts\/32231\/revisions\/32234"}],"wp:featuredmedia":[{"embeddable":true,"href":"https:\/\/defrentealaverdad.com\/index.php\/wp-json\/wp\/v2\/media\/32232"}],"wp:attachment":[{"href":"https:\/\/defrentealaverdad.com\/index.php\/wp-json\/wp\/v2\/media?parent=32231"}],"wp:term":[{"taxonomy":"category","embeddable":true,"href":"https:\/\/defrentealaverdad.com\/index.php\/wp-json\/wp\/v2\/categories?post=32231"},{"taxonomy":"post_tag","embeddable":true,"href":"https:\/\/defrentealaverdad.com\/index.php\/wp-json\/wp\/v2\/tags?post=32231"}],"curies":[{"name":"wp","href":"https:\/\/api.w.org\/{rel}","templated":true}]}}