{"id":32226,"date":"2024-11-15T10:01:52","date_gmt":"2024-11-15T10:01:52","guid":{"rendered":"https:\/\/defrentealaverdad.com\/?p=32226"},"modified":"2024-11-16T00:03:49","modified_gmt":"2024-11-16T00:03:49","slug":"32226","status":"publish","type":"post","link":"https:\/\/defrentealaverdad.com\/index.php\/2024\/11\/15\/32226\/","title":{"rendered":"Ministerio de la Juventud y Ministerio de Econom\u00eda, Planificaci\u00f3n y Desarrollo firman convenio PRORURAL JOVEN para el desarrollo rural inclusivo en la Rep\u00fablica Dominicana"},"content":{"rendered":"<p style=\"text-align: justify;\">El Ministerio de la Juventud, encabezado por el ministro Ing. Carlos Valdez, ha firmado un convenio titulado Marco de Cooperaci\u00f3n y Colaboraci\u00f3n Interinstitucional para la ejecuci\u00f3n del Proyecto de Inclusi\u00f3n Productiva y Resiliencia de los J\u00f3venes Rurales Pobres (PRORURAL JOVEN), junto al Ministerio de Econom\u00eda, Planificaci\u00f3n y Desarrollo (MEPyD), liderado por el Lic. Pavel Isa Contreras. Este acuerdo refleja el compromiso del gobierno dominicano con la promoci\u00f3n de un desarrollo rural sostenible e inclusivo, alineado con la Estrategia Nacional de Desarrollo 2030 y los Objetivos de Desarrollo Sostenible (ODS). Durante el evento, el ministro Carlos Valdez destac\u00f3:<\/p>\n<blockquote>\n<p style=\"text-align: justify;\">\u201cLa territorialidad es clave en nuestra visi\u00f3n. Sabemos que el desarrollo real comienza en cada pueblo, en cada comunidad, en cada rinc\u00f3n de nuestras provincias. Por eso, este proyecto prioriza las regiones donde los desaf\u00edos son mayores, porque entendemos que es ah\u00ed donde m\u00e1s debemos estar. No podemos hablar de progreso si no nos aseguramos de que cada joven, sin importar d\u00f3nde viva, tenga las mismas oportunidades de crecer, aprender y emprender.\u201d<\/p>\n<\/blockquote>\n<p style=\"text-align: justify;\">El Lic. Pavel Isa Contreras, ministro de Econom\u00eda, Planificaci\u00f3n y Desarrollo, tambi\u00e9n destac\u00f3 la importancia de este acuerdo para el impulso de pol\u00edticas p\u00fablicas que favorezcan la inclusi\u00f3n y el bienestar de los j\u00f3venes rurales.<\/p>\n<blockquote>\n<p style=\"text-align: justify;\">\u201cExisten dos grupos de poblaci\u00f3n que requieren especial atenci\u00f3n: la poblaci\u00f3n rural y la poblaci\u00f3n joven. Este programa, PRORURAL JOVEN, busca precisamente atender a ambos grupos simult\u00e1neamente.\u201d expres\u00f3 Isa Contreras.<\/p>\n<\/blockquote>\n<p style=\"text-align: justify;\">A la firma del convenio asistieron representantes clave de ambas instituciones. Por parte del Ministerio de la Juventud, estuvieron presentes el viceministro T\u00e9cnico y Planificaci\u00f3n, Vicente Luis de Pe\u00f1a; la viceministra Administrativa y Financiera, Elo\u00edsa Luna; encargada de Cooperaci\u00f3n Internacional, Mar\u00eda Antonia Dice; la consultora jur\u00eddica, Carla Rivas; y otros miembros del equipo t\u00e9cnico. Del MEPyD, estuvo presente la viceministra de Cooperaci\u00f3n Internacional, Olaya Dotel Caraballo, junto con otros actores que contribuir\u00e1n a la implementaci\u00f3n y \u00e9xito del proyecto.<\/p>\n<p style=\"text-align: justify;\"><strong>Sobre el Convenio PRORURAL JOVEN<\/strong><\/p>\n<p style=\"text-align: justify;\">Este convenio interinstitucional establece una colaboraci\u00f3n estrat\u00e9gica para implementar acciones conjuntas que impulsen el desarrollo econ\u00f3mico y social de los j\u00f3venes en zonas rurales. A trav\u00e9s de la formaci\u00f3n, el apoyo al emprendimiento y el acceso a empleo digno, el proyecto PRORURAL JOVEN fomentar\u00e1 la inclusi\u00f3n productiva y la resiliencia en las comunidades m\u00e1s necesitadas de la Rep\u00fablica Dominicana.<\/p>\n<p style=\"text-align: justify;\">Entre los principales aspectos del acuerdo se destacan las responsabilidades asignadas a las instituciones involucradas y el impacto proyectado en las comunidades rurales. El Ministerio de la Juventud se encargar\u00e1 de la difusi\u00f3n y promoci\u00f3n del proyecto, la identificaci\u00f3n de j\u00f3venes beneficiarios y el acompa\u00f1amiento t\u00e9cnico en formaci\u00f3n y emprendimiento. Por su parte, el Ministerio de Econom\u00eda, Planificaci\u00f3n y Desarrollo (MEPyD) aportar\u00e1 recursos y personal de apoyo para cubrir gastos operativos, adem\u00e1s de fomentar oportunidades de negocio y promover pr\u00e1cticas sostenibles que fortalezcan la resiliencia ambiental en las comunidades.<\/p>\n<p style=\"text-align: justify;\">El proyecto impactar\u00e1 directamente a 34,550 personas, pertenecientes a unas 27,600 familias rurales, con \u00e9nfasis en las regiones del Cibao Noroeste y el Suroeste, que incluyen provincias como Espaillat, Monte Cristi, Puerto Plata, Santiago Rodr\u00edguez, Valverde, Azua, Bahoruco, Barahona, Independencia y San Juan. En estas comunidades se crear\u00e1n redes de juventudes rurales y se realizar\u00e1n campa\u00f1as de sensibilizaci\u00f3n sobre temas de g\u00e9nero, inclusi\u00f3n y cambio clim\u00e1tico.<\/p>\n<p style=\"text-align: justify;\">El proyecto se trabajar\u00e1 mediante dos componentes:<\/p>\n<p style=\"text-align: justify;\"><strong>&#8211; Inversi\u00f3n para la inclusi\u00f3n productiva y resiliencia<\/strong>: fortalecimiento de redes de j\u00f3venes rurales, desarrollo de campa\u00f1as educativas y enfoque en el desarrollo de habilidades, pasant\u00edas y oportunidades de emprendimiento, promoviendo la integraci\u00f3n de los j\u00f3venes en la econom\u00eda rural.<\/p>\n<p style=\"text-align: justify;\"><strong>&#8211; Aprendizaje y Gesti\u00f3n del Proyecto:<\/strong> coordinaci\u00f3n con instituciones de seguimiento como el IESE para asegurar la efectividad del proyecto, y colaboraci\u00f3n con el sector privado, incluyendo la Junta Agroempresarial Dominicana (JAD), para fortalecer la implementaci\u00f3n y el impacto del proyecto.<\/p>\n<p style=\"text-align: justify;\">El proyecto PRORURAL JOVEN plantea varios desaf\u00edos, entre ellos: asegurar un sistema de monitoreo y evaluaci\u00f3n eficaz para medir su impacto, promover la participaci\u00f3n activa de los j\u00f3venes en la toma de decisiones locales, y garantizar la sostenibilidad de las acciones post-proyecto a trav\u00e9s de pol\u00edticas p\u00fablicas integradas. Tambi\u00e9n se trabajar\u00e1 en superar los retos log\u00edsticos de movilidad en zonas rurales dispersas.<\/p>\n<p style=\"text-align: justify;\">Con este convenio, el Ministerio de la Juventud y el Ministerio de Econom\u00eda, Planificaci\u00f3n y Desarrollo reafirman su compromiso de trabajar juntos para ofrecer mayores oportunidades de crecimiento y desarrollo a los j\u00f3venes rurales de la Rep\u00fablica Dominicana.<\/p>\n<p>Fuente: Dir. Com. MJ<\/p>\n","protected":false},"excerpt":{"rendered":"<p>El Ministerio de la Juventud, encabezado por el ministro Ing. Carlos Valdez, ha firmado un<\/p>\n","protected":false},"author":4,"featured_media":32229,"comment_status":"open","ping_status":"open","sticky":false,"template":"","format":"standard","meta":{"footnotes":""},"categories":[7],"tags":[],"class_list":["post-32226","post","type-post","status-publish","format-standard","has-post-thumbnail","hentry","category-nacionales"],"_links":{"self":[{"href":"https:\/\/defrentealaverdad.com\/index.php\/wp-json\/wp\/v2\/posts\/32226","targetHints":{"allow":["GET"]}}],"collection":[{"href":"https:\/\/defrentealaverdad.com\/index.php\/wp-json\/wp\/v2\/posts"}],"about":[{"href":"https:\/\/defrentealaverdad.com\/index.php\/wp-json\/wp\/v2\/types\/post"}],"author":[{"embeddable":true,"href":"https:\/\/defrentealaverdad.com\/index.php\/wp-json\/wp\/v2\/users\/4"}],"replies":[{"embeddable":true,"href":"https:\/\/defrentealaverdad.com\/index.php\/wp-json\/wp\/v2\/comments?post=32226"}],"version-history":[{"count":2,"href":"https:\/\/defrentealaverdad.com\/index.php\/wp-json\/wp\/v2\/posts\/32226\/revisions"}],"predecessor-version":[{"id":32228,"href":"https:\/\/defrentealaverdad.com\/index.php\/wp-json\/wp\/v2\/posts\/32226\/revisions\/32228"}],"wp:featuredmedia":[{"embeddable":true,"href":"https:\/\/defrentealaverdad.com\/index.php\/wp-json\/wp\/v2\/media\/32229"}],"wp:attachment":[{"href":"https:\/\/defrentealaverdad.com\/index.php\/wp-json\/wp\/v2\/media?parent=32226"}],"wp:term":[{"taxonomy":"category","embeddable":true,"href":"https:\/\/defrentealaverdad.com\/index.php\/wp-json\/wp\/v2\/categories?post=32226"},{"taxonomy":"post_tag","embeddable":true,"href":"https:\/\/defrentealaverdad.com\/index.php\/wp-json\/wp\/v2\/tags?post=32226"}],"curies":[{"name":"wp","href":"https:\/\/api.w.org\/{rel}","templated":true}]}}