{"id":32222,"date":"2024-11-15T23:58:23","date_gmt":"2024-11-15T23:58:23","guid":{"rendered":"https:\/\/defrentealaverdad.com\/?p=32222"},"modified":"2024-11-15T23:59:14","modified_gmt":"2024-11-15T23:59:14","slug":"reeligen-a-victor-ramon-montas-presidente-de-la-camara-de-comercio-de-san-cristobal-para-el-periodo-2025-2027","status":"publish","type":"post","link":"https:\/\/defrentealaverdad.com\/index.php\/2024\/11\/15\/reeligen-a-victor-ramon-montas-presidente-de-la-camara-de-comercio-de-san-cristobal-para-el-periodo-2025-2027\/","title":{"rendered":"Reeligen a Victor Ram\u00f3n Mont\u00e1s presidente de la C\u00e1mara de Comercio de San Crist\u00f3bal para el per\u00edodo 2025-2027"},"content":{"rendered":"<blockquote>\n<p style=\"text-align: justify;\">Por primera vez 4 mujeres integran la junta directiva<\/p>\n<\/blockquote>\n<p style=\"text-align: justify;\">San Crist\u00f3bal.- Durante una concurrida asamblea eleccionaria, los miembros activos de la C\u00e1mara de Comercio y Producci\u00f3n de San Crist\u00f3bal, eligieron este jueves, su nueva junta directiva para el per\u00edodo 2025-2027.<\/p>\n<p style=\"text-align: justify;\">La plancha electa a unanimidad fue \u201cNuevas Ideas\u201d, encabezada por Victor Ram\u00f3n Mont\u00e1s, actual presidente del \u00f3rgano.<\/p>\n<p style=\"text-align: justify;\">Nuevas Ideas fue la \u00fanica plancha que se present\u00f3, siendo escogida de forma democr\u00e1tica y transparente por todos los miembros activos de la C\u00e1mara presentes en la asamblea.<\/p>\n<p style=\"text-align: justify;\">La novedad en la elecci\u00f3n de esta nueva junta directiva, es que por primera vez las mujeres representan el 30% en el \u00f3rgano de toma de decisiones. Adem\u00e1s de que se integran empresarios de larga data pero que no hab\u00edan participado en juntas directivas anteriores, dando muestras de inclusi\u00f3n e Integraci\u00f3n.<\/p>\n<p style=\"text-align: justify;\">Mont\u00e1s, quien tiene 4 a\u00f1os al frente de esta entidad cameral, agradeci\u00f3 a los miembros que acudieron a la convocatoria a elecciones por haberlo elegido por otro per\u00edodo mas, sinti\u00e9ndose comprometido con la clase comercial y empresarial de San Crist\u00f3bal, para seguir renovando y aportando a la cohesi\u00f3n, y alas mejoras institucionales propuestas.<\/p>\n<blockquote>\n<p style=\"text-align: justify;\">\u201cHacemos un llamado a la integraci\u00f3n y la unidad de todos ustedes con nuestra c\u00e1mara para seguir aportando al desarrollo de la provincia\u201d, expres\u00f3 Victor Ram\u00f3n Mont\u00e1s, durante la juramentaci\u00f3n de la nueva junta directiva.<\/p>\n<\/blockquote>\n<p style=\"text-align: justify;\">Los nuevos miembros directivos son: V\u00edctor Castro, Meris Francisco Martich y Pedro Vladimir Ruiz, como vicepresidentes; como secretaria, Vianelis B\u00e1ez, como tesorero, Osian Santana Ceballo; y los vocales, Rita Jimenez, Jos\u00e9 Enrique Encarnaci\u00f3n, Mayuri Hidalgo, Edwin Marcano, Manuel Ernesto Montas, V\u00edctor Esteban Penn y V\u00edctor Espinal.<\/p>\n<p style=\"text-align: justify;\">El comit\u00e9 eleccionario estuvo compuesto por los expresidentes: Jos\u00e9 Francisco Mont\u00e1s, Osiris Guzm\u00e1n y Lesseps De Le\u00f3n, quienes orientaron a los electos a mantener la unidad interna y respetar las decisiones de la mayor\u00eda.<\/p>\n<p style=\"text-align: justify;\">El abogado notario, Rafael Feliz G\u00f3mez valid\u00f3 el proceso eleccionario, y el presidente de la Federaci\u00f3n Dominicana de C\u00e1maras de Comercio y Producci\u00f3n (Fedoc\u00e1maras), Manuel An\u00edbal Garc\u00eda asisti\u00f3 en calidad de observador.<\/p>\n<p style=\"text-align: justify;\">La toma de posesi\u00f3n de la nueva junta directiva de la C\u00e1mara de Comercio de San Crist\u00f3bal ser\u00e1 realizada 45 d\u00edas despu\u00e9s del proceso eleccionario, como lo establecen los estatutos.<\/p>\n<p>Fuente: C\u00e1mara de Comercio y Producci\u00f3n de San Crist\u00f3bal<\/p>\n","protected":false},"excerpt":{"rendered":"<p>Por primera vez 4 mujeres integran la junta directiva San Crist\u00f3bal.- Durante una concurrida asamblea<\/p>\n","protected":false},"author":2,"featured_media":32225,"comment_status":"open","ping_status":"open","sticky":false,"template":"","format":"standard","meta":{"footnotes":""},"categories":[2],"tags":[],"class_list":["post-32222","post","type-post","status-publish","format-standard","has-post-thumbnail","hentry","category-economicas"],"_links":{"self":[{"href":"https:\/\/defrentealaverdad.com\/index.php\/wp-json\/wp\/v2\/posts\/32222","targetHints":{"allow":["GET"]}}],"collection":[{"href":"https:\/\/defrentealaverdad.com\/index.php\/wp-json\/wp\/v2\/posts"}],"about":[{"href":"https:\/\/defrentealaverdad.com\/index.php\/wp-json\/wp\/v2\/types\/post"}],"author":[{"embeddable":true,"href":"https:\/\/defrentealaverdad.com\/index.php\/wp-json\/wp\/v2\/users\/2"}],"replies":[{"embeddable":true,"href":"https:\/\/defrentealaverdad.com\/index.php\/wp-json\/wp\/v2\/comments?post=32222"}],"version-history":[{"count":1,"href":"https:\/\/defrentealaverdad.com\/index.php\/wp-json\/wp\/v2\/posts\/32222\/revisions"}],"predecessor-version":[{"id":32223,"href":"https:\/\/defrentealaverdad.com\/index.php\/wp-json\/wp\/v2\/posts\/32222\/revisions\/32223"}],"wp:featuredmedia":[{"embeddable":true,"href":"https:\/\/defrentealaverdad.com\/index.php\/wp-json\/wp\/v2\/media\/32225"}],"wp:attachment":[{"href":"https:\/\/defrentealaverdad.com\/index.php\/wp-json\/wp\/v2\/media?parent=32222"}],"wp:term":[{"taxonomy":"category","embeddable":true,"href":"https:\/\/defrentealaverdad.com\/index.php\/wp-json\/wp\/v2\/categories?post=32222"},{"taxonomy":"post_tag","embeddable":true,"href":"https:\/\/defrentealaverdad.com\/index.php\/wp-json\/wp\/v2\/tags?post=32222"}],"curies":[{"name":"wp","href":"https:\/\/api.w.org\/{rel}","templated":true}]}}