{"id":3222,"date":"2023-01-18T12:59:52","date_gmt":"2023-01-18T12:59:52","guid":{"rendered":"https:\/\/defrentealaverdad.com\/?p=3222"},"modified":"2023-01-18T12:59:59","modified_gmt":"2023-01-18T12:59:59","slug":"cardi-b-falla-en-cumplir-con-sentencia-de-servicios-comunitarios","status":"publish","type":"post","link":"https:\/\/defrentealaverdad.com\/index.php\/2023\/01\/18\/cardi-b-falla-en-cumplir-con-sentencia-de-servicios-comunitarios\/","title":{"rendered":"Cardi B falla en cumplir con sentencia de servicios comunitarios"},"content":{"rendered":"<div class=\"td_block_wrap tdb_single_featured_image tdi_104 tdb-content-horiz-left td-pb-border-top td_block_template_2\" data-td-block-uid=\"tdi_104\">\n<div class=\"tdb-block-inner td-fix-index\" style=\"text-align: justify;\"><img decoding=\"async\" class=\"entry-thumb lazyload\" title=\"Cardi B falla en cumplir con sentencia\" data-src=\"https:\/\/i0.wp.com\/www.reporteextra.com\/wp-content\/uploads\/2023\/01\/Cardi-B-falla-en-cumplir-con-sentencia.jpg?resize=1068%2C611&amp;ssl=1\" data-sizes=\"(max-width: 1068px) 100vw, 1068px\" data-srcset=\"https:\/\/i0.wp.com\/www.reporteextra.com\/wp-content\/uploads\/2023\/01\/Cardi-B-falla-en-cumplir-con-sentencia.jpg?w=1187&amp;ssl=1 1187w, https:\/\/i0.wp.com\/www.reporteextra.com\/wp-content\/uploads\/2023\/01\/Cardi-B-falla-en-cumplir-con-sentencia.jpg?resize=300%2C172&amp;ssl=1 300w, https:\/\/i0.wp.com\/www.reporteextra.com\/wp-content\/uploads\/2023\/01\/Cardi-B-falla-en-cumplir-con-sentencia.jpg?resize=1024%2C586&amp;ssl=1 1024w, https:\/\/i0.wp.com\/www.reporteextra.com\/wp-content\/uploads\/2023\/01\/Cardi-B-falla-en-cumplir-con-sentencia.jpg?resize=768%2C439&amp;ssl=1 768w, https:\/\/i0.wp.com\/www.reporteextra.com\/wp-content\/uploads\/2023\/01\/Cardi-B-falla-en-cumplir-con-sentencia.jpg?resize=696%2C398&amp;ssl=1 696w, https:\/\/i0.wp.com\/www.reporteextra.com\/wp-content\/uploads\/2023\/01\/Cardi-B-falla-en-cumplir-con-sentencia.jpg?resize=1068%2C611&amp;ssl=1 1068w\" alt=\"\" width=\"1068\" height=\"611\" src=\"data:image\/svg+xml;base64,PHN2ZyB3aWR0aD0iMSIgaGVpZ2h0PSIxIiB4bWxucz0iaHR0cDovL3d3dy53My5vcmcvMjAwMC9zdmciPjwvc3ZnPg==\" style=\"--smush-placeholder-width: 1068px; --smush-placeholder-aspect-ratio: 1068\/611;\" \/><\/div>\n<\/div>\n<div class=\"vc_row_inner tdi_106 vc_row vc_inner wpb_row td-pb-row\">\n<div class=\"vc_column_inner tdi_108 wpb_column vc_column_container tdc-inner-column td-pb-span4 td-is-sticky\" style=\"text-align: justify;\">\n<div class=\"vc_column-inner\">\n<div class=\"wpb_wrapper\" data-sticky-offset=\"20\">\n<div class=\"td_block_wrap td_flex_block_1 tdi_110 td-pb-border-top td_block_template_2 td_flex_block\" data-td-block-uid=\"tdi_110\">\n<div id=\"tdi_110\" class=\"td_block_inner td-mc1-wrap\">\n<div class=\"td_module_flex td_module_flex_1 td_module_wrap td-animation-stack td-cpt-post\">\n<div class=\"td-module-container td-category-pos-above\">\n<div class=\"td-module-meta-info\">\n<div class=\"td-editor-date\"><\/div>\n<\/div>\n<\/div>\n<\/div>\n<\/div>\n<\/div>\n<\/div>\n<\/div>\n<\/div>\n<div class=\"vc_column_inner tdi_112 wpb_column vc_column_container tdc-inner-column td-pb-span8\">\n<div class=\"vc_column-inner\">\n<div class=\"wpb_wrapper\">\n<div class=\"td_block_wrap tdb_single_content tdi_113 td-pb-border-top td_block_template_2 td-post-content tagdiv-type\" data-td-block-uid=\"tdi_113\">\n<div class=\"tdb-block-inner td-fix-index\">\n<p style=\"text-align: justify;\">NUEVA YORK._ La rapera originaria de Monte Cristi (Rep\u00fablica Dominicana), Belcalis Marlenis Almanzar Cephus, fall\u00f3 en cumplir con los t\u00e9rminos de un acuerdo con la jueza Michelle Johnson de la Corte Suprema Estatal de Queens, para laborar en servicios comunitarios, pero a petici\u00f3n de su abogado la magistrada le extendi\u00f3 el plazo hasta el primero de \u00a0marzo.<\/p>\n<p style=\"text-align: justify;\">El a\u00f1o pasado, la rapera criada en El Bronx se \u00a0declar\u00f3 culpable por atacar a dos hermanas camareras, Jade y Baddie G. en un club de striptease en Queens, admitiendo que le pag\u00f3 a una amiga, $5,000 d\u00f3lares para golpeara en su nombre a la trabajadora del lugar.<\/p>\n<p style=\"text-align: justify;\">Se dijo, que la reacci\u00f3n violenta de Cardi B fue por celos ya que recibi\u00f3 confidencias de una de las camareras se estaba acostando con esposo, el rapero versi\u00f3n que no ha sido confirmada.<\/p>\n<p style=\"text-align: justify;\">La rapera se present\u00f3 al tribunal el martes en la ma\u00f1ana acompa\u00f1ada por su abogada y espalderos.<\/p>\n<p style=\"text-align: justify;\">Cardi B, de 30 a\u00f1os de edad, tuvo que regresar a la corte despu\u00e9s del acuerdo por no cumplir los 15 d\u00edas de servicios comunitarios que le impuso la jueza.<\/p>\n<p style=\"text-align: justify;\">El servicio comunitario fue \u00a0parte del acuerdo de culpabilidad que firm\u00f3 septiembre 2022 \u00a0por lanzar un narguile (embase para hookas) a dos hermanas camareras durante una pelea en 2018 en un local de striptease de Queens y ordenar a un amigo que atacara a una de ellas por supuestamente acostarse con su esposo.<\/p>\n<p style=\"text-align: justify;\">\u201cEstas extensiones judiciales no son infrecuentes\u201d, explic\u00f3 el abogado de la rapera Drew Findling en una entrevista telef\u00f3nica con el tabloide NY Post.<\/p>\n<p style=\"text-align: justify;\">\u201cCardi est\u00e1 constantemente realizando servicio comunitario en eventos comunitarios. Recientemente, ha estado pasando m\u00e1s tiempo en Los \u00c1ngeles, incluso en Nueva York, con sus esfuerzos de regreso a la escuela\u201d, agreg\u00f3 el defensor.<\/p>\n<p style=\"text-align: justify;\">\u201cElla habla en centros comunitarios, prometi\u00f3 y escribi\u00f3 un cheque de $100,000 para su antigua escuela secundaria en El Bronx. Simplemente pedimos una extensi\u00f3n, y la jueza la concedi\u00f3\u201d, a\u00f1adi\u00f3 el jurista.<\/p>\n<p style=\"text-align: justify;\">El abogado dijo \u00a0que la rapera \u00a0comenzar\u00e1 su servicio comunitario requerido en Queens esta semana.<\/p>\n<p style=\"text-align: justify;\">La Oficina del Fiscal de Distrito de Queens solo dijo en un comunicado que\u00a0 la jueza convoc\u00f3 una audiencia de cumplimiento.<\/p>\n<p style=\"text-align: justify;\">\u201cLa acusada debe completar el servicio comunitario antes del primero de marzo\u201d., a\u00f1adi\u00f3 la fiscal.<\/p>\n<p style=\"text-align: justify;\">Originalmente fue acusada de 12 cargos, incluidos dos graves de intento de asalto en el ataque.<\/p>\n<p style=\"text-align: justify;\">Se declar\u00f3 culpable de dos cargos menores el jueves, admitiendo que le pag\u00f3 a una amiga $5,000 para golpear a la camarera \u00a0que trabajaba en el club en 2018.<\/p>\n<p style=\"text-align: justify;\">En base al acuerdo, los cargos fueron modificados a \u00a0asalto en tercer grado y peligro imprudente en segundo grado.<\/p>\n<p style=\"text-align: justify;\">Tambi\u00e9n admiti\u00f3 haber golpeado a la cantinera, tirando de su cabello y golpe\u00e1ndola en la cabeza contra la barra del club durante el ataque en agosto de 2018.<\/p>\n<\/div>\n<\/div>\n<\/div>\n<\/div>\n<\/div>\n<\/div>\n","protected":false},"excerpt":{"rendered":"<p>NUEVA YORK._ La rapera originaria de Monte Cristi (Rep\u00fablica Dominicana), Belcalis Marlenis Almanzar Cephus, fall\u00f3<\/p>\n","protected":false},"author":1,"featured_media":0,"comment_status":"open","ping_status":"open","sticky":false,"template":"","format":"standard","meta":{"footnotes":""},"categories":[16],"tags":[],"class_list":["post-3222","post","type-post","status-publish","format-standard","hentry","category-internacionales"],"_links":{"self":[{"href":"https:\/\/defrentealaverdad.com\/index.php\/wp-json\/wp\/v2\/posts\/3222","targetHints":{"allow":["GET"]}}],"collection":[{"href":"https:\/\/defrentealaverdad.com\/index.php\/wp-json\/wp\/v2\/posts"}],"about":[{"href":"https:\/\/defrentealaverdad.com\/index.php\/wp-json\/wp\/v2\/types\/post"}],"author":[{"embeddable":true,"href":"https:\/\/defrentealaverdad.com\/index.php\/wp-json\/wp\/v2\/users\/1"}],"replies":[{"embeddable":true,"href":"https:\/\/defrentealaverdad.com\/index.php\/wp-json\/wp\/v2\/comments?post=3222"}],"version-history":[{"count":1,"href":"https:\/\/defrentealaverdad.com\/index.php\/wp-json\/wp\/v2\/posts\/3222\/revisions"}],"predecessor-version":[{"id":3223,"href":"https:\/\/defrentealaverdad.com\/index.php\/wp-json\/wp\/v2\/posts\/3222\/revisions\/3223"}],"wp:attachment":[{"href":"https:\/\/defrentealaverdad.com\/index.php\/wp-json\/wp\/v2\/media?parent=3222"}],"wp:term":[{"taxonomy":"category","embeddable":true,"href":"https:\/\/defrentealaverdad.com\/index.php\/wp-json\/wp\/v2\/categories?post=3222"},{"taxonomy":"post_tag","embeddable":true,"href":"https:\/\/defrentealaverdad.com\/index.php\/wp-json\/wp\/v2\/tags?post=3222"}],"curies":[{"name":"wp","href":"https:\/\/api.w.org\/{rel}","templated":true}]}}