{"id":32217,"date":"2024-11-15T23:37:30","date_gmt":"2024-11-15T23:37:30","guid":{"rendered":"https:\/\/defrentealaverdad.com\/?p=32217"},"modified":"2024-11-15T23:38:17","modified_gmt":"2024-11-15T23:38:17","slug":"juramentan-el-consejo-economico-y-social-municipal-del-distrito-nacional-2024-2028","status":"publish","type":"post","link":"https:\/\/defrentealaverdad.com\/index.php\/2024\/11\/15\/juramentan-el-consejo-economico-y-social-municipal-del-distrito-nacional-2024-2028\/","title":{"rendered":"Juramentan el Consejo Econ\u00f3mico y Social Municipal del Distrito Nacional 2024 &#8211; 2028"},"content":{"rendered":"<p style=\"text-align: justify;\">Santo Domingo, DN &#8211; La alcaldesa Carolina Mej\u00eda encabez\u00f3 el acto de juramentaci\u00f3n del Consejo Econ\u00f3mico y Social Municipal del Distrito Nacional (CESM) para el periodo 2024 &#8211; 2028.<\/p>\n<p style=\"text-align: justify;\">El mismo est\u00e1 conformado por miembros con derecho a voz y voto, integrados por la alcaldesa Carolina Mej\u00eda; el vicealcalde Stalin Alc\u00e1ntara; el presidente del Concejo de Regidores, Yovany Moya; la asesora honor\u00edfica del DN, Elena Viyella; y el mentor tur\u00edstico Frank Rainieri, entre otros.<\/p>\n<p style=\"text-align: justify;\">Asimismo, juraron como miembros con derecho a voz de la Alcald\u00eda del Distrito Nacional, la secretaria general, Elizabeth Mateo; la secretar\u00eda t\u00e9cnica, Sina del Rosario; la directora de Planificaci\u00f3n y Desarrollo Institucional, Alexia Infante; el director de Desarrollo Comunitario, Raymond Rodr\u00edguez; el titular de Mantenimiento y Obras Comunitarias, Euri Concepci\u00f3n y la directora de Servicio Social y Desarrollo, Altagracia Suero.<\/p>\n<p style=\"text-align: justify;\">Esta escogencia se llev\u00f3 a cabo a trav\u00e9s de la resoluci\u00f3n 54-2024, dispuesta por el Concejo de Regidores del cabildo el 17 de octubre 2024, aprobando la actualizaci\u00f3n de la conformaci\u00f3n y la designaci\u00f3n de los nuevos miembros de este consejo econ\u00f3mico.<\/p>\n<p style=\"text-align: justify;\">El acto tuvo lugar en el Palacio Consistorial, donde cada uno de los miembros fue juramentado por Domingo Mat\u00edas, viceministro de Ordenamiento Territorial del Ministerio de Econom\u00eda, Planificaci\u00f3n y Desarrollo (MEPYD), siguiendo los reglamentos de la Ley 176 -07 del DN y su municipio en materia de la democracia participativa.<\/p>\n<blockquote>\n<p style=\"text-align: justify;\">\u201cMi agradecimiento a todos ustedes por estar aqu\u00ed y haber accedido a ser parte de este importante concejo, creo que as\u00ed como me toc\u00f3 a m\u00ed asumir la formaci\u00f3n del mismo porque no lo ten\u00edamos activo cuando yo asum\u00ed la alcald\u00eda, ha sido un desaf\u00edo y sobre todo va muy vinculado a los compromisos que tengo como servidora p\u00fablica de ser transparente, de rendir cuentas y cumplir con lo que establece la ley\u201d, expres\u00f3 la alcaldesa.<\/p>\n<\/blockquote>\n<p style=\"text-align: justify;\">El CESM se encargar\u00e1 de articular y canalizar las demandas de los ciudadanos ante el gobierno municipal o el nacional, ya que estar\u00e1 integrado por los diversos sectores de la ciudad.<\/p>\n<p style=\"text-align: justify;\">Por las juntas de vecinos, la circunscripci\u00f3n uno est\u00e1 representada por Daritza Cruz Pimentel, mientras que la circunscripci\u00f3n dos por Eunicex Corniel Ferreira y la tres por Aleida de la Cruz.<\/p>\n<p style=\"text-align: justify;\">Como representantes de instituciones figuran Grace Coch\u00f3n de Educaci\u00f3n Superior; en Asociaciones o Gremios Profesionales, Johan Francisco; en la C\u00e1mara de Comercios Binacionales, Jean Maco Pou; Erick Hern\u00e1ndez en Asociaciones Sin Fines de Lucro ( ASFL) o ONG; Osmar Ben\u00edtez de Asociaciones Agropecuarias; Ana Vertilia Cabrera en el Comit\u00e9 de Amas de Casas y por el sector de Igualdad de Oportunidades, Francina Hungr\u00eda.<\/p>\n<p style=\"text-align: justify;\">Adem\u00e1s, est\u00e1 Celso Juan Marranzini por Asociaciones Empresariales, en representaci\u00f3n de Alejandro Correa.<\/p>\n<p style=\"text-align: justify;\"><strong>Grandes proyectos<\/strong><\/p>\n<p style=\"text-align: justify;\">Christian Tejeda, director de Infraestructura Urbana, en su presentaci\u00f3n de proyectos que tienen como eje principal la actual gesti\u00f3n sobre la recuperaci\u00f3n de espacios p\u00fablicos y la entrega de espacios dignos a las comunidades, se\u00f1al\u00f3 que continuar\u00e1n con la remodelaci\u00f3n del Parque Enriquillo, iniciada por la alcaldesa el a\u00f1o pasado en la Par\u00eds y su entorno.<\/p>\n<p style=\"text-align: justify;\">Otras de las obras son el Malec\u00f3n Deportivo, Parque Deportivo Paseo 30 de Mayo y el rescate del Cementerio de la avenida Independencia.<\/p>\n<p style=\"text-align: justify;\">Al hacer referencia al Parque Enriquillo, Carolina Mej\u00eda precis\u00f3 que se estar\u00e1 llevando a cabo de la mano de la Presidencia de la Rep\u00fablica.<\/p>\n<p>Fuente: Prensa ADN<\/p>\n","protected":false},"excerpt":{"rendered":"<p>Santo Domingo, DN &#8211; La alcaldesa Carolina Mej\u00eda encabez\u00f3 el acto de juramentaci\u00f3n del Consejo<\/p>\n","protected":false},"author":1,"featured_media":32221,"comment_status":"open","ping_status":"open","sticky":false,"template":"","format":"standard","meta":{"footnotes":""},"categories":[7],"tags":[],"class_list":["post-32217","post","type-post","status-publish","format-standard","has-post-thumbnail","hentry","category-nacionales"],"_links":{"self":[{"href":"https:\/\/defrentealaverdad.com\/index.php\/wp-json\/wp\/v2\/posts\/32217","targetHints":{"allow":["GET"]}}],"collection":[{"href":"https:\/\/defrentealaverdad.com\/index.php\/wp-json\/wp\/v2\/posts"}],"about":[{"href":"https:\/\/defrentealaverdad.com\/index.php\/wp-json\/wp\/v2\/types\/post"}],"author":[{"embeddable":true,"href":"https:\/\/defrentealaverdad.com\/index.php\/wp-json\/wp\/v2\/users\/1"}],"replies":[{"embeddable":true,"href":"https:\/\/defrentealaverdad.com\/index.php\/wp-json\/wp\/v2\/comments?post=32217"}],"version-history":[{"count":1,"href":"https:\/\/defrentealaverdad.com\/index.php\/wp-json\/wp\/v2\/posts\/32217\/revisions"}],"predecessor-version":[{"id":32218,"href":"https:\/\/defrentealaverdad.com\/index.php\/wp-json\/wp\/v2\/posts\/32217\/revisions\/32218"}],"wp:featuredmedia":[{"embeddable":true,"href":"https:\/\/defrentealaverdad.com\/index.php\/wp-json\/wp\/v2\/media\/32221"}],"wp:attachment":[{"href":"https:\/\/defrentealaverdad.com\/index.php\/wp-json\/wp\/v2\/media?parent=32217"}],"wp:term":[{"taxonomy":"category","embeddable":true,"href":"https:\/\/defrentealaverdad.com\/index.php\/wp-json\/wp\/v2\/categories?post=32217"},{"taxonomy":"post_tag","embeddable":true,"href":"https:\/\/defrentealaverdad.com\/index.php\/wp-json\/wp\/v2\/tags?post=32217"}],"curies":[{"name":"wp","href":"https:\/\/api.w.org\/{rel}","templated":true}]}}