{"id":32213,"date":"2024-11-15T23:35:08","date_gmt":"2024-11-15T23:35:08","guid":{"rendered":"https:\/\/defrentealaverdad.com\/?p=32213"},"modified":"2024-11-15T23:36:16","modified_gmt":"2024-11-15T23:36:16","slug":"laura-gisselle-reynoso-en-el-papel-de-lucero-en-pelicula-de-fefita-la-grande","status":"publish","type":"post","link":"https:\/\/defrentealaverdad.com\/index.php\/2024\/11\/15\/laura-gisselle-reynoso-en-el-papel-de-lucero-en-pelicula-de-fefita-la-grande\/","title":{"rendered":"Laura Gisselle Reynoso en el papel de Lucero en pel\u00edcula de Fefita \u201cLa Grande\u201d"},"content":{"rendered":"<blockquote>\n<p style=\"text-align: justify;\">En esta nueva producci\u00f3n cinematogr\u00e1fica, la actriz tocar\u00e1 las fibras m\u00e1s sensibles apelando a dejar una marca indeleble en la memoria colectiva del p\u00fablico.<\/p>\n<\/blockquote>\n<p style=\"text-align: justify;\">Santo Domingo, RD. \u2013 La talentosa actriz Laura Gisselle Reynoso, conocida por su versatilidad y profundas interpretaciones, compartir\u00e1 escenas memorables en la nueva pel\u00edcula biogr\u00e1fica de Fefita \u201cLa Grande\u201d, centrada en la vida y carrera de la emblem\u00e1tica artista dominicana, donde interpretar\u00e1 el personaje de Lucero, prima de la artista, en su etapa joven.<\/p>\n<p style=\"text-align: justify;\">Lucero es un personaje clave dentro de la narrativa de la pel\u00edcula, destac\u00e1ndose como un balance y soporte esencial en la vida de la artista, donde comparte escena con La Marimba, quien interpreta a la ic\u00f3nica cantante de joven.<\/p>\n<p style=\"text-align: justify;\">A trav\u00e9s de su interpretaci\u00f3n, Laura Gisselle Reynoso aporta una dimensi\u00f3n de estabilidad y apoyo emocional que enriquece la trama y profundiza en las relaciones entre los personajes.<\/p>\n<p style=\"text-align: justify;\">En esta obra, que promete ser un hito en la industria del cine, la actuaci\u00f3n de Laura Gisselle Reynoso tocar\u00e1 las fibras m\u00e1s sensibles apelando a dejar una marca indeleble en la memoria colectiva del p\u00fablico.<\/p>\n<p style=\"text-align: justify;\">La pel\u00edcula cuenta con un elenco estelar y un equipo t\u00e9cnico de primera categor\u00eda, dirigida por Tito Rodr\u00edguez y producida por Antonio Rubio de Lolo Films y que tiene como protagonista a Lumy Lizardo; la inclusi\u00f3n de Laura Gisselle en el reparto no solo eleva el nivel de la producci\u00f3n, sino que, tambi\u00e9n, garantiza una interpretaci\u00f3n profunda y memorable de su personaje.<\/p>\n<blockquote>\n<p style=\"text-align: justify;\">\u00abEs un honor para m\u00ed formar parte de este proyecto, el guion es incre\u00edblemente poderoso y estoy emocionada de trabajar con un equipo tan talentoso. Mi personaje es dulce y lo m\u00e1s importante, es el balance en la vida de Fefita, estoy lista para dar lo mejor de m\u00ed, para traerlo a la vida en la pantalla\u00bb, expres\u00f3 la actriz.<\/p>\n<\/blockquote>\n<p style=\"text-align: justify;\">Las expectativas para esta producci\u00f3n son altas, y con raz\u00f3n. Con una narrativa cautivadora, una direcci\u00f3n experta y actuaciones de primer nivel, la pel\u00edcula promete ser un \u00e9xito tanto cr\u00edtico como comercial. La actuaci\u00f3n de Laura Gisselle, en particular, es algo que los espectadores no querr\u00e1n perderse. Su capacidad para interpretar personajes con sinceridad y profundidad asegura que su actuaci\u00f3n resonar\u00e1 con el p\u00fablico mucho despu\u00e9s de que los cr\u00e9ditos finales hayan rodado.<\/p>\n<p><strong>Un a\u00f1o lleno de \u00e9xitos<\/strong><\/p>\n<p style=\"text-align: justify;\">Para Laura Gisselle Reynoso, 2024 ha sido un a\u00f1o lleno de logros y \u00e9xitos. Adem\u00e1s de su rol en \u00abLa Grande\u00bb, los fan\u00e1ticos la pueden escuchar en el programa de radio \u00abThe Breakfast Show\u00bb en 100.1 FM y en el popular podcast \u00abLenguas Calvas\u00bb. Sin duda, un a\u00f1o grandioso para Laura.<\/p>\n<p>Fuente: RD Farandula TV<\/p>\n","protected":false},"excerpt":{"rendered":"<p>En esta nueva producci\u00f3n cinematogr\u00e1fica, la actriz tocar\u00e1 las fibras m\u00e1s sensibles apelando a dejar<\/p>\n","protected":false},"author":4,"featured_media":32214,"comment_status":"open","ping_status":"open","sticky":false,"template":"","format":"standard","meta":{"footnotes":""},"categories":[248],"tags":[],"class_list":["post-32213","post","type-post","status-publish","format-standard","has-post-thumbnail","hentry","category-cine"],"_links":{"self":[{"href":"https:\/\/defrentealaverdad.com\/index.php\/wp-json\/wp\/v2\/posts\/32213","targetHints":{"allow":["GET"]}}],"collection":[{"href":"https:\/\/defrentealaverdad.com\/index.php\/wp-json\/wp\/v2\/posts"}],"about":[{"href":"https:\/\/defrentealaverdad.com\/index.php\/wp-json\/wp\/v2\/types\/post"}],"author":[{"embeddable":true,"href":"https:\/\/defrentealaverdad.com\/index.php\/wp-json\/wp\/v2\/users\/4"}],"replies":[{"embeddable":true,"href":"https:\/\/defrentealaverdad.com\/index.php\/wp-json\/wp\/v2\/comments?post=32213"}],"version-history":[{"count":1,"href":"https:\/\/defrentealaverdad.com\/index.php\/wp-json\/wp\/v2\/posts\/32213\/revisions"}],"predecessor-version":[{"id":32215,"href":"https:\/\/defrentealaverdad.com\/index.php\/wp-json\/wp\/v2\/posts\/32213\/revisions\/32215"}],"wp:featuredmedia":[{"embeddable":true,"href":"https:\/\/defrentealaverdad.com\/index.php\/wp-json\/wp\/v2\/media\/32214"}],"wp:attachment":[{"href":"https:\/\/defrentealaverdad.com\/index.php\/wp-json\/wp\/v2\/media?parent=32213"}],"wp:term":[{"taxonomy":"category","embeddable":true,"href":"https:\/\/defrentealaverdad.com\/index.php\/wp-json\/wp\/v2\/categories?post=32213"},{"taxonomy":"post_tag","embeddable":true,"href":"https:\/\/defrentealaverdad.com\/index.php\/wp-json\/wp\/v2\/tags?post=32213"}],"curies":[{"name":"wp","href":"https:\/\/api.w.org\/{rel}","templated":true}]}}