{"id":32205,"date":"2024-11-15T23:23:44","date_gmt":"2024-11-15T23:23:44","guid":{"rendered":"https:\/\/defrentealaverdad.com\/?p=32205"},"modified":"2024-11-15T23:24:35","modified_gmt":"2024-11-15T23:24:35","slug":"ejercito-detiene-otro-traficante-de-indocumentados-en-montecristi","status":"publish","type":"post","link":"https:\/\/defrentealaverdad.com\/index.php\/2024\/11\/15\/ejercito-detiene-otro-traficante-de-indocumentados-en-montecristi\/","title":{"rendered":"Ej\u00e9rcito detiene otro traficante de indocumentados en Montecristi"},"content":{"rendered":"<p>Por Felix Rubio<\/p>\n<blockquote>\n<p style=\"text-align: justify;\">El detenido ser\u00e1 presentado ante el Ministerio P\u00fablico en las pr\u00f3ximas horas<\/p>\n<\/blockquote>\n<p style=\"text-align: justify;\">Como parte de las operaciones llevadas a cabo por el <strong>Ej\u00e9rcito de Rep\u00fablica Dominicana<\/strong> en las diferentes provincias del pa\u00eds, fue detenido un minib\u00fas con 1<strong>8 <\/strong>nacionales haitianos con estatus migratorio irregular en <strong>Montecristi.<\/strong> El veh\u00edculo, un autob\u00fas de transporte p\u00fablico, marca Coaster, color blanco y azul, fue inspeccionado en el puesto de chequeo El Botoncillo de la referida provincia, por miembros del Ej\u00e9rcito.<\/p>\n<p style=\"text-align: justify;\">El conductor, identificado como <strong>Henry Manuel Regalado Pe\u00f1a<\/strong>, detenido por transportar a los indocumentados ser\u00e1 presentando ante las autoridades del <strong>Ministerio P\u00fablico<\/strong> de Montecristi para los fines correspondientes. En cuanto a los extranjeros sin documentaci\u00f3n, fueron conducidos a la <em>Fortaleza San Fernando, ERD,<\/em> para ser entregados a la D<strong>irecci\u00f3n General de Migraci\u00f3n<\/strong>\u00a0para su proceso de repatriaci\u00f3n.<\/p>\n<p style=\"text-align: justify;\">Fuente: Dir.\u00a0 Com. Ej\u00e9rcito Rep\u00fablica Dominicana<\/p>\n","protected":false},"excerpt":{"rendered":"<p>Por Felix Rubio El detenido ser\u00e1 presentado ante el Ministerio P\u00fablico en las pr\u00f3ximas horas<\/p>\n","protected":false},"author":1,"featured_media":32206,"comment_status":"open","ping_status":"open","sticky":false,"template":"","format":"standard","meta":{"footnotes":""},"categories":[7],"tags":[],"class_list":["post-32205","post","type-post","status-publish","format-standard","has-post-thumbnail","hentry","category-nacionales"],"_links":{"self":[{"href":"https:\/\/defrentealaverdad.com\/index.php\/wp-json\/wp\/v2\/posts\/32205","targetHints":{"allow":["GET"]}}],"collection":[{"href":"https:\/\/defrentealaverdad.com\/index.php\/wp-json\/wp\/v2\/posts"}],"about":[{"href":"https:\/\/defrentealaverdad.com\/index.php\/wp-json\/wp\/v2\/types\/post"}],"author":[{"embeddable":true,"href":"https:\/\/defrentealaverdad.com\/index.php\/wp-json\/wp\/v2\/users\/1"}],"replies":[{"embeddable":true,"href":"https:\/\/defrentealaverdad.com\/index.php\/wp-json\/wp\/v2\/comments?post=32205"}],"version-history":[{"count":1,"href":"https:\/\/defrentealaverdad.com\/index.php\/wp-json\/wp\/v2\/posts\/32205\/revisions"}],"predecessor-version":[{"id":32207,"href":"https:\/\/defrentealaverdad.com\/index.php\/wp-json\/wp\/v2\/posts\/32205\/revisions\/32207"}],"wp:featuredmedia":[{"embeddable":true,"href":"https:\/\/defrentealaverdad.com\/index.php\/wp-json\/wp\/v2\/media\/32206"}],"wp:attachment":[{"href":"https:\/\/defrentealaverdad.com\/index.php\/wp-json\/wp\/v2\/media?parent=32205"}],"wp:term":[{"taxonomy":"category","embeddable":true,"href":"https:\/\/defrentealaverdad.com\/index.php\/wp-json\/wp\/v2\/categories?post=32205"},{"taxonomy":"post_tag","embeddable":true,"href":"https:\/\/defrentealaverdad.com\/index.php\/wp-json\/wp\/v2\/tags?post=32205"}],"curies":[{"name":"wp","href":"https:\/\/api.w.org\/{rel}","templated":true}]}}