{"id":32195,"date":"2024-11-15T23:12:10","date_gmt":"2024-11-15T23:12:10","guid":{"rendered":"https:\/\/defrentealaverdad.com\/?p=32195"},"modified":"2024-11-15T23:12:30","modified_gmt":"2024-11-15T23:12:30","slug":"sangre-dominicana-en-la-73-a-edicion-del-miss-universo","status":"publish","type":"post","link":"https:\/\/defrentealaverdad.com\/index.php\/2024\/11\/15\/sangre-dominicana-en-la-73-a-edicion-del-miss-universo\/","title":{"rendered":"Sangre dominicana en la 73.\u00aa edici\u00f3n del Miss Universo"},"content":{"rendered":"<blockquote>\n<p style=\"text-align: justify;\">La di\u00e1spora dominicana se hace sentir en la 73.\u00aa edici\u00f3n del Miss Universo.<\/p>\n<\/blockquote>\n<p style=\"text-align: justify;\"><strong>Santo Domingo, Rep\u00fablica Dominicana<\/strong>\u00a0\u2014 \u201cLos dominicanos nacemos donde nos da la gana\u201d, dijo en una ocasi\u00f3n el relevista dominicano Dellin Betances, una frase que se ha vuelto emblem\u00e1tica de la di\u00e1spora dominicana en todo el mundo. Este a\u00f1o, el certamen de Miss Universo se convierte en una plataforma de visibilidad y orgullo para las ra\u00edces dominicanas, representadas en tres destacadas concursantes.<\/p>\n<blockquote>\n<p style=\"text-align: justify;\"><em>Tres beldades con ra\u00edces dominicanas compiten por uno de los t\u00edtulos de belleza m\u00e1s importantes del mundo.<\/em><\/p>\n<\/blockquote>\n<p style=\"text-align: justify;\"><strong>Las Candidatas<\/strong><\/p>\n<p style=\"text-align: justify;\">Tres mujeres de ascendencia dominicana buscan coronarse en uno de los concursos de belleza m\u00e1s prestigiosos a nivel global: Stephany And\u00fajar (Miss Islas V\u00edrgenes de los Estados Unidos Universo 2024), Celinee Santos Fr\u00edas (Miss Rep\u00fablica Dominicana Universo 2024) y Michelle Jim\u00e9nez (Miss Espa\u00f1a Universo 2024).<\/p>\n<p style=\"text-align: justify;\">A trav\u00e9s de su participaci\u00f3n, demuestran la fuerza, alegr\u00eda, unidad y orgullo de la comunidad dominicana, independientemente del pa\u00eds o territorio que representen.<\/p>\n<p style=\"text-align: justify;\"><strong>Stephany And\u00fajar (Miss Islas V\u00edrgenes de los Estados Unidos Universo 2024)<\/strong><\/p>\n<p style=\"text-align: justify;\">Stephany naci\u00f3 en Charlotte Amalie en agosto de 1995 y es de ascendencia dominicana. A trav\u00e9s de su plataforma, aboga por adolescentes en situaciones vulnerables y se muestra orgullosa de sus ra\u00edces dominicanas, las cuales han marcado su vida.<\/p>\n<p style=\"text-align: justify;\">Seg\u00fan miss\u00f3logos, And\u00fajar revive la esperanza de lograr la primera corona universal para las Islas V\u00edrgenes de los Estados Unidos. Se recuerda que este territorio ha enviado candidatas desde el a\u00f1o 1961 y su \u00fanica clasificaci\u00f3n hasta la fecha fue la de Cherrie Raphaelia Creque en el a\u00f1o 1971, cuando logr\u00f3 entrar al Top 12.<\/p>\n<p style=\"text-align: justify;\">De lograr clasificar, And\u00fajar romper\u00eda una racha de 53 a\u00f1os sin clasificaci\u00f3n para las Islas V\u00edrgenes de los Estados Unidos.<\/p>\n<p style=\"text-align: justify;\"><strong>Celinee Santos Fr\u00edas (Miss Rep\u00fablica Dominicana Universo 2024)<\/strong><\/p>\n<p style=\"text-align: justify;\">Naci\u00f3 el 6 de enero de 2000 en el municipio de Los Alcarrizos y fue criada en San Francisco de Macor\u00eds, en la provincia Duarte. Con solo 24 a\u00f1os, se ha destacado como modelo, actriz y reina de belleza. Su presencia y porte la han convertido en una de las grandes favoritas para llevarse la corona en la final del pr\u00f3ximo 16 de noviembre. Su participaci\u00f3n representa el coraz\u00f3n de la Rep\u00fablica Dominicana y el orgullo de su gente.<\/p>\n<p style=\"text-align: justify;\"><strong>Michelle Jim\u00e9nez (Miss Espa\u00f1a Universo 2024)<\/strong><\/p>\n<p style=\"text-align: justify;\">Michelle naci\u00f3 en Barcelona y es hija de padre dominicano y madre ecuatoriana. Durante el certamen, se ha hecho viral en redes sociales por sus demostraciones de baile, espec\u00edficamente por bailar dembow, una muestra de su conexi\u00f3n con la cultura dominicana. En la actualidad, su padre y varios de sus hermanos residen en el pa\u00eds.<\/p>\n<p><strong>La convivencia<\/strong><\/p>\n<p style=\"text-align: justify;\">Durante la concentraci\u00f3n, hemos visto c\u00f3mo Michelle Jim\u00e9nez (Miss Espa\u00f1a Universo 2024) y Stephany And\u00fajar (Miss Islas V\u00edrgenes de los Estados Unidos Universo 2024) han compartido instant\u00e1neas juntas en diferentes actividades del certamen. Tambi\u00e9n han realizado varios \u2018trends\u2019 para TikTok, bailando dembow.<\/p>\n<p><strong>Sobre Miss Universo 2024<\/strong><\/p>\n<p style=\"text-align: justify;\">La 73.\u00aa edici\u00f3n de Miss Universo se celebrar\u00e1 el pr\u00f3ximo 16 de noviembre de 2024 en la Arena CDMX, en la Ciudad de M\u00e9xico, donde competir\u00e1n candidatas de m\u00e1s de 127 pa\u00edses y territorios aut\u00f3nomos.<\/p>\n<p>Fuente: Prensa MU2024<\/p>\n","protected":false},"excerpt":{"rendered":"<p>La di\u00e1spora dominicana se hace sentir en la 73.\u00aa edici\u00f3n del Miss Universo. Santo Domingo,<\/p>\n","protected":false},"author":4,"featured_media":32197,"comment_status":"open","ping_status":"open","sticky":false,"template":"","format":"standard","meta":{"footnotes":""},"categories":[247],"tags":[],"class_list":["post-32195","post","type-post","status-publish","format-standard","has-post-thumbnail","hentry","category-moda"],"_links":{"self":[{"href":"https:\/\/defrentealaverdad.com\/index.php\/wp-json\/wp\/v2\/posts\/32195","targetHints":{"allow":["GET"]}}],"collection":[{"href":"https:\/\/defrentealaverdad.com\/index.php\/wp-json\/wp\/v2\/posts"}],"about":[{"href":"https:\/\/defrentealaverdad.com\/index.php\/wp-json\/wp\/v2\/types\/post"}],"author":[{"embeddable":true,"href":"https:\/\/defrentealaverdad.com\/index.php\/wp-json\/wp\/v2\/users\/4"}],"replies":[{"embeddable":true,"href":"https:\/\/defrentealaverdad.com\/index.php\/wp-json\/wp\/v2\/comments?post=32195"}],"version-history":[{"count":1,"href":"https:\/\/defrentealaverdad.com\/index.php\/wp-json\/wp\/v2\/posts\/32195\/revisions"}],"predecessor-version":[{"id":32196,"href":"https:\/\/defrentealaverdad.com\/index.php\/wp-json\/wp\/v2\/posts\/32195\/revisions\/32196"}],"wp:featuredmedia":[{"embeddable":true,"href":"https:\/\/defrentealaverdad.com\/index.php\/wp-json\/wp\/v2\/media\/32197"}],"wp:attachment":[{"href":"https:\/\/defrentealaverdad.com\/index.php\/wp-json\/wp\/v2\/media?parent=32195"}],"wp:term":[{"taxonomy":"category","embeddable":true,"href":"https:\/\/defrentealaverdad.com\/index.php\/wp-json\/wp\/v2\/categories?post=32195"},{"taxonomy":"post_tag","embeddable":true,"href":"https:\/\/defrentealaverdad.com\/index.php\/wp-json\/wp\/v2\/tags?post=32195"}],"curies":[{"name":"wp","href":"https:\/\/api.w.org\/{rel}","templated":true}]}}