{"id":32188,"date":"2024-11-15T23:02:30","date_gmt":"2024-11-15T23:02:30","guid":{"rendered":"https:\/\/defrentealaverdad.com\/?p=32188"},"modified":"2024-11-15T23:03:17","modified_gmt":"2024-11-15T23:03:17","slug":"banco-popular-y-alcaldia-del-distrito-nacional-inauguran-el-parque-aesa","status":"publish","type":"post","link":"https:\/\/defrentealaverdad.com\/index.php\/2024\/11\/15\/banco-popular-y-alcaldia-del-distrito-nacional-inauguran-el-parque-aesa\/","title":{"rendered":"Banco Popular y Alcald\u00eda del Distrito Nacional inauguran el parque Aesa"},"content":{"rendered":"<blockquote>\n<p style=\"text-align: justify;\">El renovado espacio tiene vista al mar y cuenta con murales de Marileidy Paulino y Francisco Garc\u00eda<\/p>\n<\/blockquote>\n<p style=\"text-align: justify;\">Santo Domingo, DN \u2013 El Banco Popular y la Alcald\u00eda del Distrito Nacional inauguraron el reconstruido parque Aesa, como parte de una s\u00f3lida colaboraci\u00f3n p\u00fablico-privada para el desarrollo sostenible en la que se han recuperado 11 espacios para el sano esparcimiento de los ciudadanos.<\/p>\n<p style=\"text-align: justify;\">El Aesa, cuya inversi\u00f3n supera los 23 millones de pesos, se convierte en el espacio n\u00famero 184 que entrega la gesti\u00f3n de la alcaldesa Carolina Mej\u00eda, gracias a una alianza estrat\u00e9gica con el sector privado, donde el respaldo del Banco Popular ha sido vital.<\/p>\n<p style=\"text-align: justify;\">El acto de inauguraci\u00f3n fue encabezado por la alcaldesa del Distrito Nacional, Carolina Mej\u00eda; el presidente ejecutivo del Banco Popular, se\u00f1or Christopher Paniagua; el vicepresidente ejecutivo de Comunicaciones Corporativas, Reputaci\u00f3n y Banca Responsable, Jos\u00e9 M\u00e1rmol; el expresidente Hip\u00f3lito Mej\u00eda; y Mariel Bera, vicepresidenta del \u00c1rea de Relaciones Corporativas y Banca Responsable.<\/p>\n<p style=\"text-align: justify;\">La alcaldesa Mej\u00eda agradeci\u00f3 la confianza que ha depositado el Banco Popular en su gesti\u00f3n frente a la Alcald\u00eda del Distrito Nacional y resalt\u00f3 el gran compromiso corporativo de la entidad bancaria con el bienestar social.<\/p>\n<blockquote>\n<p style=\"text-align: justify;\">\u201cEn cada parque que hemos intervenido, de estos 11 hermosos espacios que se han transformado de manera integral, hemos logrado devolverle a la comunidad m\u00e1s de lo que originalmente pensamos\u201d, sostuvo la ejecutiva municipal.<\/p>\n<\/blockquote>\n<p style=\"text-align: justify;\">El se\u00f1or Christopher Paniagua explic\u00f3 el compromiso de la entidad con el desarrollo y el bienestar de las comunidades, destacando que la entidad bancaria se siente feliz de poder contribuir con cada uno de estos proyectos locales que tocan y transforman vidas.<\/p>\n<blockquote>\n<p style=\"text-align: justify;\">\u201cQuiero felicitar nuevamente a mi querida Carolina por su marcado sentido de servicio, su elevada calidad humana, as\u00ed es, y su enorme capacidad de trabajo. Y agradecerle que nos haya permitido ser parte de esta iniciativa que toca y transforma vidas\u201d, indic\u00f3 Paniagua.<\/p>\n<\/blockquote>\n<p><strong>Renovaci\u00f3n del espacio<\/strong><\/p>\n<p style=\"text-align: justify;\">Con la transformaci\u00f3n del espacio, los comunitarios de la Urbanizaci\u00f3n Aesa y zonas aleda\u00f1as podr\u00e1n disfrutar de 3,368 metros cuadrados de un parque que ahora cuenta con vista al mar.<\/p>\n<p style=\"text-align: justify;\">Adem\u00e1s, tiene murales que incluyen a figuras como la corredora Marileidy Paulino y el exbaloncestista de la NBA Francisco Garc\u00eda. En ese sentido, una estructura elevada que anteriormente funcionaba como tanque de almacenamiento de agua, fue transformada en un vistoso y colorido mural.<\/p>\n<p style=\"text-align: justify;\">El parque Aesa cuenta con una restaurada cancha de baloncesto totalmente equipada, gimnasio al aire libre, mesas para picnic y \u00e1rea canina.<\/p>\n<p style=\"text-align: justify;\">Los ni\u00f1os de diferentes edades podr\u00e1n disfrutar de un espacio sano y acogedor, en el que encontrar\u00e1n varios juegos.<\/p>\n<p style=\"text-align: justify;\">Los brigadistas colocaron una verja nueva y tambi\u00e9n fueron reconstruidas aceras exteriores y contenes de su alrededor. Asimismo, se instal\u00f3 una moderna iluminaci\u00f3n led en todas las \u00e1reas.<\/p>\n<p style=\"text-align: justify;\">En busca de mantener la higiene del lugar y, a su vez, concientizar a los comunitarios, fueron colocados puntos limpios con zafacones para el reciclaje de los desechos.<\/p>\n<p>Fuente: Prensa ADN<\/p>\n","protected":false},"excerpt":{"rendered":"<p>El renovado espacio tiene vista al mar y cuenta con murales de Marileidy Paulino y<\/p>\n","protected":false},"author":4,"featured_media":32191,"comment_status":"open","ping_status":"open","sticky":false,"template":"","format":"standard","meta":{"footnotes":""},"categories":[7],"tags":[],"class_list":["post-32188","post","type-post","status-publish","format-standard","has-post-thumbnail","hentry","category-nacionales"],"_links":{"self":[{"href":"https:\/\/defrentealaverdad.com\/index.php\/wp-json\/wp\/v2\/posts\/32188","targetHints":{"allow":["GET"]}}],"collection":[{"href":"https:\/\/defrentealaverdad.com\/index.php\/wp-json\/wp\/v2\/posts"}],"about":[{"href":"https:\/\/defrentealaverdad.com\/index.php\/wp-json\/wp\/v2\/types\/post"}],"author":[{"embeddable":true,"href":"https:\/\/defrentealaverdad.com\/index.php\/wp-json\/wp\/v2\/users\/4"}],"replies":[{"embeddable":true,"href":"https:\/\/defrentealaverdad.com\/index.php\/wp-json\/wp\/v2\/comments?post=32188"}],"version-history":[{"count":1,"href":"https:\/\/defrentealaverdad.com\/index.php\/wp-json\/wp\/v2\/posts\/32188\/revisions"}],"predecessor-version":[{"id":32189,"href":"https:\/\/defrentealaverdad.com\/index.php\/wp-json\/wp\/v2\/posts\/32188\/revisions\/32189"}],"wp:featuredmedia":[{"embeddable":true,"href":"https:\/\/defrentealaverdad.com\/index.php\/wp-json\/wp\/v2\/media\/32191"}],"wp:attachment":[{"href":"https:\/\/defrentealaverdad.com\/index.php\/wp-json\/wp\/v2\/media?parent=32188"}],"wp:term":[{"taxonomy":"category","embeddable":true,"href":"https:\/\/defrentealaverdad.com\/index.php\/wp-json\/wp\/v2\/categories?post=32188"},{"taxonomy":"post_tag","embeddable":true,"href":"https:\/\/defrentealaverdad.com\/index.php\/wp-json\/wp\/v2\/tags?post=32188"}],"curies":[{"name":"wp","href":"https:\/\/api.w.org\/{rel}","templated":true}]}}