{"id":32140,"date":"2024-11-14T23:35:33","date_gmt":"2024-11-14T23:35:33","guid":{"rendered":"https:\/\/defrentealaverdad.com\/?p=32140"},"modified":"2024-11-15T15:06:36","modified_gmt":"2024-11-15T15:06:36","slug":"junta-de-retiro-celebra-94vo-aniversario-de-su-fundacion-con-actividades-institucionales","status":"publish","type":"post","link":"https:\/\/defrentealaverdad.com\/index.php\/2024\/11\/14\/junta-de-retiro-celebra-94vo-aniversario-de-su-fundacion-con-actividades-institucionales\/","title":{"rendered":"Junta de Retiro celebra 94vo. Aniversario de su fundaci\u00f3n con actividades institucionales"},"content":{"rendered":"<p style=\"text-align: justify;\">Por Felix Rubio<\/p>\n<p style=\"text-align: justify;\">La Junta de Retiro y Fondo de Pensiones de las Fuerzas Armadas (JRFPFFAA) celebr\u00f3 su aniversario n\u00famero 94 y como parte de las actividades conmemorativas, realiz\u00f3 una misa de acci\u00f3n de gracias en la \u201cParroquia Nuestra Se\u00f1ora de la Altagracia\u201d del Ministerio de Defensa (MIDE).<\/p>\n<p style=\"text-align: justify;\">La ceremonia solemne estuvo presidida por el teniente general Carlos A. Fern\u00e1ndez Onofre, ERD., Ministro de Defensa, y el anfitri\u00f3n, general de brigada Pablo Roberto Jim\u00e9nez S\u00e1nchez, ERD., presidente de la JRFPFFAA.<\/p>\n<p style=\"text-align: justify;\">Durante el acto religioso, se reconoci\u00f3 a los miembros retirados coronel (r) Octavio Am\u00e9rico Tejada Minaya, ERD., en virtud de su destacada trayectoria y su longevidad de 101 a\u00f1os convirti\u00e9ndose en el pensionado de mayor edad en nuestra instituci\u00f3n y al marinero (r) Celestino Juli\u00e1n Reynoso Rodr\u00edguez, ARD., por su destacada trayectoria al haber cumplido 71 a\u00f1os de retiro, convirti\u00e9ndose en el pensionado con mayor tiempo en esta distinguida posici\u00f3n.<\/p>\n<p style=\"text-align: justify;\">En el acto, tambi\u00e9n fue reconocido el teniente general Carlos A. Fern\u00e1ndez Onofre, ERD., en agradecimiento a su compromiso con las necesidades de los retirados y sus familiares, durante su trayectoria como titular de la JRFPFFAA, el Ej\u00e9rcito de Rep\u00fablica Dominicana (ERD) y del Ministerio de Defensa (MIDE).<\/p>\n<p style=\"text-align: justify;\">El teniente general Fern\u00e1ndez Onofre destac\u00f3 la labor de todo el personal de la Junta de Retiro, reconociendo su entrega y profesionalismo como pilares fundamentales para brindar un servicio de calidad a los retirados y sus familias.<\/p>\n<p style=\"text-align: justify;\">Mientras que el general Jim\u00e9nez S\u00e1nchez expres\u00f3 su agradecimiento al Ministro de Defensa, resaltando su compromiso en la atenci\u00f3n a los miembros retirados y sus familiares:<\/p>\n<blockquote>\n<p style=\"text-align: justify;\">\u201cSu respaldo incondicional refuerza nuestra misi\u00f3n de servir con dedicaci\u00f3n a quienes entregaron su vida al servicio de la patria\u201d.<\/p>\n<\/blockquote>\n<p>&nbsp;<\/p>\n<p>&nbsp;<\/p>\n","protected":false},"excerpt":{"rendered":"<p>Por Felix Rubio La Junta de Retiro y Fondo de Pensiones de las Fuerzas Armadas<\/p>\n","protected":false},"author":1,"featured_media":32142,"comment_status":"open","ping_status":"open","sticky":false,"template":"","format":"standard","meta":{"footnotes":""},"categories":[7],"tags":[],"class_list":["post-32140","post","type-post","status-publish","format-standard","has-post-thumbnail","hentry","category-nacionales"],"_links":{"self":[{"href":"https:\/\/defrentealaverdad.com\/index.php\/wp-json\/wp\/v2\/posts\/32140","targetHints":{"allow":["GET"]}}],"collection":[{"href":"https:\/\/defrentealaverdad.com\/index.php\/wp-json\/wp\/v2\/posts"}],"about":[{"href":"https:\/\/defrentealaverdad.com\/index.php\/wp-json\/wp\/v2\/types\/post"}],"author":[{"embeddable":true,"href":"https:\/\/defrentealaverdad.com\/index.php\/wp-json\/wp\/v2\/users\/1"}],"replies":[{"embeddable":true,"href":"https:\/\/defrentealaverdad.com\/index.php\/wp-json\/wp\/v2\/comments?post=32140"}],"version-history":[{"count":1,"href":"https:\/\/defrentealaverdad.com\/index.php\/wp-json\/wp\/v2\/posts\/32140\/revisions"}],"predecessor-version":[{"id":32141,"href":"https:\/\/defrentealaverdad.com\/index.php\/wp-json\/wp\/v2\/posts\/32140\/revisions\/32141"}],"wp:featuredmedia":[{"embeddable":true,"href":"https:\/\/defrentealaverdad.com\/index.php\/wp-json\/wp\/v2\/media\/32142"}],"wp:attachment":[{"href":"https:\/\/defrentealaverdad.com\/index.php\/wp-json\/wp\/v2\/media?parent=32140"}],"wp:term":[{"taxonomy":"category","embeddable":true,"href":"https:\/\/defrentealaverdad.com\/index.php\/wp-json\/wp\/v2\/categories?post=32140"},{"taxonomy":"post_tag","embeddable":true,"href":"https:\/\/defrentealaverdad.com\/index.php\/wp-json\/wp\/v2\/tags?post=32140"}],"curies":[{"name":"wp","href":"https:\/\/api.w.org\/{rel}","templated":true}]}}