{"id":3214,"date":"2023-01-18T12:54:41","date_gmt":"2023-01-18T12:54:41","guid":{"rendered":"https:\/\/defrentealaverdad.com\/?p=3214"},"modified":"2023-01-18T12:54:41","modified_gmt":"2023-01-18T12:54:41","slug":"ministro-de-defensa-recibe-visita-promocion-de-cadetes-y-guardiamarinas-2do-teniente-ambrosio-de-la-cruz","status":"publish","type":"post","link":"https:\/\/defrentealaverdad.com\/index.php\/2023\/01\/18\/ministro-de-defensa-recibe-visita-promocion-de-cadetes-y-guardiamarinas-2do-teniente-ambrosio-de-la-cruz\/","title":{"rendered":"Ministro de Defensa recibe visita Promoci\u00f3n de Cadetes y Guardiamarinas \u201c2do. Teniente Ambrosio de la Cruz\u201d"},"content":{"rendered":"<div id=\"post-body-3509053453524811796\" class=\"post-body entry-content\">\n<div class=\"separator\" style=\"text-align: justify;\"><a href=\"https:\/\/blogger.googleusercontent.com\/img\/b\/R29vZ2xl\/AVvXsEiq6tuWgfd7IeKmI7PpT8QWa8JnXOFveElVFsBxBUmek095oS7uJjAFO47ZOT76SYLoUvvkrcHgqwKhMLhXtxBjiXdiByceYpZiVub6ROwSTbQjzc7cQWaE3e2UmakvpfV7AiUWihf4s4SVzqqm-lQWU2_4d8BGRasoC7ayvucX7cAe3m38d6lO0ngC5A\/s682\/3FB4DC08-4B47-42AC-B294-8064CA513C57.jpeg\"><img decoding=\"async\" data-src=\"https:\/\/blogger.googleusercontent.com\/img\/b\/R29vZ2xl\/AVvXsEiq6tuWgfd7IeKmI7PpT8QWa8JnXOFveElVFsBxBUmek095oS7uJjAFO47ZOT76SYLoUvvkrcHgqwKhMLhXtxBjiXdiByceYpZiVub6ROwSTbQjzc7cQWaE3e2UmakvpfV7AiUWihf4s4SVzqqm-lQWU2_4d8BGRasoC7ayvucX7cAe3m38d6lO0ngC5A\/w640-h426\/3FB4DC08-4B47-42AC-B294-8064CA513C57.jpeg\" width=\"280\" height=\"186\" border=\"0\" data-original-height=\"454\" data-original-width=\"682\" src=\"data:image\/svg+xml;base64,PHN2ZyB3aWR0aD0iMSIgaGVpZ2h0PSIxIiB4bWxucz0iaHR0cDovL3d3dy53My5vcmcvMjAwMC9zdmciPjwvc3ZnPg==\" class=\"lazyload\" style=\"--smush-placeholder-width: 280px; --smush-placeholder-aspect-ratio: 280\/186;\" \/><\/a><\/div>\n<div style=\"text-align: justify;\"><\/div>\n<div style=\"text-align: justify;\">\n<div>SANTO DOMINGO.- El Ministro de Defensa, Teniente General Carlos Luciano D\u00edaz Morfa, ERD., recibi\u00f3 en su despacho la visita de la XXXVI Promoci\u00f3n de Cadetes y Guardiamarinas \u201c2do. \u00a0Teniente Ambrosio de la Cruz\u201d, que celebran el 30 Aniversario de su ingreso a las filas de las Fuerzas Armadas y la Polic\u00eda Nacional.<\/div>\n<div class=\"separator\"><a href=\"https:\/\/blogger.googleusercontent.com\/img\/b\/R29vZ2xl\/AVvXsEjd7CTLEBSiY_DrUubCKjITf8zCREVRKRKsRjM1t6T6zMj8RKmXCXQoZ49ZwSn3w37qNChz-JWc8m45Dax84Mxp0DQlO8_5Nomd4v_LROqfY8Mrh2ZIhU-AzKE_C0vJRs7F5vLF9_IOlEoLJ2uIKViyaCDavzK9KcsVa7Opj9kc4Hk00poH4N-ctSAheg\/s1280\/52A9D8D9-4025-431A-99B8-30F7A482D277.jpeg\"><img decoding=\"async\" data-src=\"https:\/\/blogger.googleusercontent.com\/img\/b\/R29vZ2xl\/AVvXsEjd7CTLEBSiY_DrUubCKjITf8zCREVRKRKsRjM1t6T6zMj8RKmXCXQoZ49ZwSn3w37qNChz-JWc8m45Dax84Mxp0DQlO8_5Nomd4v_LROqfY8Mrh2ZIhU-AzKE_C0vJRs7F5vLF9_IOlEoLJ2uIKViyaCDavzK9KcsVa7Opj9kc4Hk00poH4N-ctSAheg\/w400-h266\/52A9D8D9-4025-431A-99B8-30F7A482D277.jpeg\" width=\"280\" height=\"186\" border=\"0\" data-original-height=\"853\" data-original-width=\"1280\" src=\"data:image\/svg+xml;base64,PHN2ZyB3aWR0aD0iMSIgaGVpZ2h0PSIxIiB4bWxucz0iaHR0cDovL3d3dy53My5vcmcvMjAwMC9zdmciPjwvc3ZnPg==\" class=\"lazyload\" style=\"--smush-placeholder-width: 280px; --smush-placeholder-aspect-ratio: 280\/186;\" \/><\/a><\/div>\n<div><\/div>\n<div>Durante la visita, agradecieron al titular de MIDE por el liderazgo militar que representa y ante quien reiteraron su compromiso de defensa y seguridad de la naci\u00f3n dominicana.<\/div>\n<div>\n<div class=\"separator\"><a href=\"https:\/\/blogger.googleusercontent.com\/img\/b\/R29vZ2xl\/AVvXsEg9Fb2JI37BnWkXUIHQTkTZ7ZnsBwlGpJe55leGEghZTFf0XQuAExuhRy1KGt8sALjSyVGZezPM9_N3EjH5AkYEFfhglJFuJHPfoOJ0ZStoCR-9dIlJEdCPsyDm95HqcrlHRfcndP-XWr67KFiEaAcF6AnWNRsuxJ6I8Xuc4jVG74HBptuO9vONGvhW5A\/s682\/EA828523-6E28-4A34-ACD1-2B93E44FE5E9.jpeg\"><img decoding=\"async\" data-src=\"https:\/\/blogger.googleusercontent.com\/img\/b\/R29vZ2xl\/AVvXsEg9Fb2JI37BnWkXUIHQTkTZ7ZnsBwlGpJe55leGEghZTFf0XQuAExuhRy1KGt8sALjSyVGZezPM9_N3EjH5AkYEFfhglJFuJHPfoOJ0ZStoCR-9dIlJEdCPsyDm95HqcrlHRfcndP-XWr67KFiEaAcF6AnWNRsuxJ6I8Xuc4jVG74HBptuO9vONGvhW5A\/s280\/EA828523-6E28-4A34-ACD1-2B93E44FE5E9.jpeg\" width=\"280\" height=\"186\" border=\"0\" data-original-height=\"454\" data-original-width=\"682\" src=\"data:image\/svg+xml;base64,PHN2ZyB3aWR0aD0iMSIgaGVpZ2h0PSIxIiB4bWxucz0iaHR0cDovL3d3dy53My5vcmcvMjAwMC9zdmciPjwvc3ZnPg==\" class=\"lazyload\" style=\"--smush-placeholder-width: 280px; --smush-placeholder-aspect-ratio: 280\/186;\" \/><\/a><\/div>\n<\/div>\n<div>El Ministro de Defensa a su vez les exhort\u00f3 a continuar trabajando por y para la sociedad dominicana con tes\u00f3n, esfuerzo y sacrificio.<\/div>\n<\/div>\n<div style=\"text-align: justify;\"><\/div>\n<\/div>\n<div class=\"post-footer\">\n<div class=\"post-footer-line post-footer-line-1\" style=\"text-align: justify;\"><span class=\"post-author vcard\"><span class=\"fn\">Fuente: Prensa \u00danica RD\u00a0<\/span><\/span><\/div>\n<\/div>\n","protected":false},"excerpt":{"rendered":"<p>SANTO DOMINGO.- El Ministro de Defensa, Teniente General Carlos Luciano D\u00edaz Morfa, ERD., recibi\u00f3 en<\/p>\n","protected":false},"author":1,"featured_media":0,"comment_status":"open","ping_status":"open","sticky":false,"template":"","format":"standard","meta":{"footnotes":""},"categories":[7],"tags":[],"class_list":["post-3214","post","type-post","status-publish","format-standard","hentry","category-nacionales"],"_links":{"self":[{"href":"https:\/\/defrentealaverdad.com\/index.php\/wp-json\/wp\/v2\/posts\/3214","targetHints":{"allow":["GET"]}}],"collection":[{"href":"https:\/\/defrentealaverdad.com\/index.php\/wp-json\/wp\/v2\/posts"}],"about":[{"href":"https:\/\/defrentealaverdad.com\/index.php\/wp-json\/wp\/v2\/types\/post"}],"author":[{"embeddable":true,"href":"https:\/\/defrentealaverdad.com\/index.php\/wp-json\/wp\/v2\/users\/1"}],"replies":[{"embeddable":true,"href":"https:\/\/defrentealaverdad.com\/index.php\/wp-json\/wp\/v2\/comments?post=3214"}],"version-history":[{"count":1,"href":"https:\/\/defrentealaverdad.com\/index.php\/wp-json\/wp\/v2\/posts\/3214\/revisions"}],"predecessor-version":[{"id":3215,"href":"https:\/\/defrentealaverdad.com\/index.php\/wp-json\/wp\/v2\/posts\/3214\/revisions\/3215"}],"wp:attachment":[{"href":"https:\/\/defrentealaverdad.com\/index.php\/wp-json\/wp\/v2\/media?parent=3214"}],"wp:term":[{"taxonomy":"category","embeddable":true,"href":"https:\/\/defrentealaverdad.com\/index.php\/wp-json\/wp\/v2\/categories?post=3214"},{"taxonomy":"post_tag","embeddable":true,"href":"https:\/\/defrentealaverdad.com\/index.php\/wp-json\/wp\/v2\/tags?post=3214"}],"curies":[{"name":"wp","href":"https:\/\/api.w.org\/{rel}","templated":true}]}}