{"id":32131,"date":"2024-11-14T23:30:55","date_gmt":"2024-11-14T23:30:55","guid":{"rendered":"https:\/\/defrentealaverdad.com\/?p=32131"},"modified":"2024-11-15T15:06:18","modified_gmt":"2024-11-15T15:06:18","slug":"mujeres-de-impacto-un-homenaje-a-mujeres-valiosas-del-pais","status":"publish","type":"post","link":"https:\/\/defrentealaverdad.com\/index.php\/2024\/11\/14\/mujeres-de-impacto-un-homenaje-a-mujeres-valiosas-del-pais\/","title":{"rendered":"\u201cMujeres de Impacto\u201d: un homenaje a mujeres valiosas del pa\u00eds"},"content":{"rendered":"<blockquote>\n<p style=\"text-align: justify;\">Las homenajeadas fueron Gloria Reyes, Noelia Merejo, Anyely Payero, Gema Hidalgo, Jatnna Tav\u00e1rez, Dalia Sued, Madelyn Martinez, Yudith Feliz, Cesarina Beauchamp y Maria Vasquez<\/p>\n<\/blockquote>\n<p style=\"text-align: justify;\">Santo Domingo. \u2013 Como parte de la conferencia de empoderamiento femenino \u201cLa Nueva Yo\u201d, que se celebrara por primera vez en Rep\u00fablica Dominicana este pr\u00f3ximo 16 de noviembre, la comunicadora y l\u00edder de esta iniciativa Celines Toribio realiz\u00f3 el evento especial \u201cMujeres de Impacto\u201d, una noche para rendir homenaje a diez mujeres excepcionales que, con su dedicaci\u00f3n y compromiso, han marcado un impacto profundo en la sociedad dominicana<\/p>\n<p><img decoding=\"async\" class=\"size-medium wp-image-32135 alignleft lazyload\" data-src=\"https:\/\/defrentealaverdad.com\/wp-content\/uploads\/2024\/11\/IMG-20241114-WA0048-200x300.jpg\" alt=\"\" width=\"200\" height=\"300\" data-srcset=\"https:\/\/defrentealaverdad.com\/wp-content\/uploads\/2024\/11\/IMG-20241114-WA0048-200x300.jpg 200w, https:\/\/defrentealaverdad.com\/wp-content\/uploads\/2024\/11\/IMG-20241114-WA0048-682x1024.jpg 682w, https:\/\/defrentealaverdad.com\/wp-content\/uploads\/2024\/11\/IMG-20241114-WA0048-768x1152.jpg 768w, https:\/\/defrentealaverdad.com\/wp-content\/uploads\/2024\/11\/IMG-20241114-WA0048.jpg 853w\" data-sizes=\"(max-width: 200px) 100vw, 200px\" src=\"data:image\/svg+xml;base64,PHN2ZyB3aWR0aD0iMSIgaGVpZ2h0PSIxIiB4bWxucz0iaHR0cDovL3d3dy53My5vcmcvMjAwMC9zdmciPjwvc3ZnPg==\" style=\"--smush-placeholder-width: 200px; --smush-placeholder-aspect-ratio: 200\/300;\" \/><\/p>\n<p style=\"text-align: justify;\">Durante el encuentro \u00edntimo y significativo, Celines Toribio present\u00f3 a estas destacadas figuras, resaltando que \u201creciben este reconocimiento por su aporte en el \u00e1mbito empresarial, cultural y social, manteni\u00e9ndose firmes y librando como mujeres de fortaleza, batallas de las que han salido victoriosas\u201d.<\/p>\n<p style=\"text-align: justify;\">Las homenajeadas fueron Gloria Reyes, Noelia Merejo, Anyely Payero, Gema Hidalgo, Jatnna Tav\u00e1rez, Dalia Sued, Madelyn Martinez, Yudith Feliz, Cesarina Beauchamp y Mar\u00eda Vasquez. Cada una de ellas ha impulsado con su trayectoria cambios significativos y ha dejado una huella inspiradora en sus campos y comunidades. Celines Toribio comenta que para ella \u201cestas mujeres representan con altura nuestra sociedad y que son un modelo de esfuerzo, perseverancia y \u00e9xito\u201d.<img decoding=\"async\" class=\"size-medium wp-image-32137 alignright lazyload\" data-src=\"https:\/\/defrentealaverdad.com\/wp-content\/uploads\/2024\/11\/IMG-20241114-WA0052-300x200.jpg\" alt=\"\" width=\"300\" height=\"200\" data-srcset=\"https:\/\/defrentealaverdad.com\/wp-content\/uploads\/2024\/11\/IMG-20241114-WA0052-300x200.jpg 300w, https:\/\/defrentealaverdad.com\/wp-content\/uploads\/2024\/11\/IMG-20241114-WA0052-1024x682.jpg 1024w, https:\/\/defrentealaverdad.com\/wp-content\/uploads\/2024\/11\/IMG-20241114-WA0052-768x512.jpg 768w, https:\/\/defrentealaverdad.com\/wp-content\/uploads\/2024\/11\/IMG-20241114-WA0052.jpg 1280w\" data-sizes=\"(max-width: 300px) 100vw, 300px\" src=\"data:image\/svg+xml;base64,PHN2ZyB3aWR0aD0iMSIgaGVpZ2h0PSIxIiB4bWxucz0iaHR0cDovL3d3dy53My5vcmcvMjAwMC9zdmciPjwvc3ZnPg==\" style=\"--smush-placeholder-width: 300px; --smush-placeholder-aspect-ratio: 300\/200;\" \/><\/p>\n<p style=\"text-align: justify;\">Este encuentro se llev\u00f3 a cabo en el lujoso sal\u00f3n de eventos TRES SDQ y la producci\u00f3n estuvo a cargo de Anyelo Payero mientras que la maestr\u00eda de ceremonias a cargo de Marta Gonz\u00e1lez. La premiaci\u00f3n, celebr\u00f3 el valor y el liderazgo femenino en una velada que ofrece no solo reconocimiento, sino tambi\u00e9n inspiraci\u00f3n para todas las asistentes.<\/p>\n<p style=\"text-align: justify;\"><strong>Sobre conferencia \u201cLa Nueva Yo\u201d- s\u00e1bado 16 de noviembre en el sal\u00f3n de eventos SAMBIL<\/strong><\/p>\n<p style=\"text-align: justify;\">\u201cLa Nueva Yo\u201d es una conferencia de empoderamiento producida por Celines Toribio y Caribbean Media World que invita a la conexi\u00f3n y el crecimiento personal, orientada a mujeres que desean transformarse en la mejor versi\u00f3n de s\u00ed mismas<\/p>\n<p style=\"text-align: justify;\"><img decoding=\"async\" class=\"size-medium wp-image-32134 alignleft lazyload\" data-src=\"https:\/\/defrentealaverdad.com\/wp-content\/uploads\/2024\/11\/IMG-20241114-WA0049-200x300.jpg\" alt=\"\" width=\"200\" height=\"300\" data-srcset=\"https:\/\/defrentealaverdad.com\/wp-content\/uploads\/2024\/11\/IMG-20241114-WA0049-200x300.jpg 200w, https:\/\/defrentealaverdad.com\/wp-content\/uploads\/2024\/11\/IMG-20241114-WA0049-682x1024.jpg 682w, https:\/\/defrentealaverdad.com\/wp-content\/uploads\/2024\/11\/IMG-20241114-WA0049-768x1152.jpg 768w, https:\/\/defrentealaverdad.com\/wp-content\/uploads\/2024\/11\/IMG-20241114-WA0049.jpg 853w\" data-sizes=\"(max-width: 200px) 100vw, 200px\" src=\"data:image\/svg+xml;base64,PHN2ZyB3aWR0aD0iMSIgaGVpZ2h0PSIxIiB4bWxucz0iaHR0cDovL3d3dy53My5vcmcvMjAwMC9zdmciPjwvc3ZnPg==\" style=\"--smush-placeholder-width: 200px; --smush-placeholder-aspect-ratio: 200\/300;\" \/>Tras el \u00e9xito rotundo de su edici\u00f3n pasada hace apenas 2 semanas en la ciudad de New York, este a\u00f1o el evento regresa en un formato renovado y en compa\u00f1\u00eda de mujeres con carreras llenas de \u00e9xito. Laura Castellanos, Hony Estrella, directora ejecutiva ProDominicana Biviana Riveiro, Gabi Desangles, la ministra de la mujer Mayra Jimenez, Elaine Feliz, Directora Gral. Del programa SUPERATE Gloria Reyes, Cheddy Garcia, la alcaldesa Santo Domingo Norte, Betty Geronimo, Marielis Ramos y Francisca.<\/p>\n<p style=\"text-align: justify;\">Los pilares de \u201cLa Nueva Yo\u201d son tan poderosos como las mujeres que lo conforman: \u00e9xito, salud, felicidad, espiritualidad, bienestar y belleza.<\/p>\n<p style=\"text-align: justify;\">\u201cLa Nueva Yo\u201d invita a todas las mujeres de Rep\u00fablica Dominicana a ser parte de esta celebraci\u00f3n \u00fanica y a compartir una noche de empoderamiento y gratitud en \u201cMujeres de Impacto\u201d.<\/p>\n<p style=\"text-align: justify;\">Las boletas est\u00e1n a la venta en Uepa Tickets y tiendas CCN. Para m\u00e1s informaci\u00f3n sobre \u201cLA NUEVA YO\u201d los interesados pueden consultar sus redes sociales @lanuevayord en Instagram, Facebook y YouTube.<\/p>\n<p>Fuente: La Nueva Yo RD<\/p>\n","protected":false},"excerpt":{"rendered":"<p>Las homenajeadas fueron Gloria Reyes, Noelia Merejo, Anyely Payero, Gema Hidalgo, Jatnna Tav\u00e1rez, Dalia Sued,<\/p>\n","protected":false},"author":4,"featured_media":32136,"comment_status":"open","ping_status":"open","sticky":false,"template":"","format":"standard","meta":{"footnotes":""},"categories":[7,13],"tags":[],"class_list":["post-32131","post","type-post","status-publish","format-standard","has-post-thumbnail","hentry","category-nacionales","category-sociales"],"_links":{"self":[{"href":"https:\/\/defrentealaverdad.com\/index.php\/wp-json\/wp\/v2\/posts\/32131","targetHints":{"allow":["GET"]}}],"collection":[{"href":"https:\/\/defrentealaverdad.com\/index.php\/wp-json\/wp\/v2\/posts"}],"about":[{"href":"https:\/\/defrentealaverdad.com\/index.php\/wp-json\/wp\/v2\/types\/post"}],"author":[{"embeddable":true,"href":"https:\/\/defrentealaverdad.com\/index.php\/wp-json\/wp\/v2\/users\/4"}],"replies":[{"embeddable":true,"href":"https:\/\/defrentealaverdad.com\/index.php\/wp-json\/wp\/v2\/comments?post=32131"}],"version-history":[{"count":3,"href":"https:\/\/defrentealaverdad.com\/index.php\/wp-json\/wp\/v2\/posts\/32131\/revisions"}],"predecessor-version":[{"id":32139,"href":"https:\/\/defrentealaverdad.com\/index.php\/wp-json\/wp\/v2\/posts\/32131\/revisions\/32139"}],"wp:featuredmedia":[{"embeddable":true,"href":"https:\/\/defrentealaverdad.com\/index.php\/wp-json\/wp\/v2\/media\/32136"}],"wp:attachment":[{"href":"https:\/\/defrentealaverdad.com\/index.php\/wp-json\/wp\/v2\/media?parent=32131"}],"wp:term":[{"taxonomy":"category","embeddable":true,"href":"https:\/\/defrentealaverdad.com\/index.php\/wp-json\/wp\/v2\/categories?post=32131"},{"taxonomy":"post_tag","embeddable":true,"href":"https:\/\/defrentealaverdad.com\/index.php\/wp-json\/wp\/v2\/tags?post=32131"}],"curies":[{"name":"wp","href":"https:\/\/api.w.org\/{rel}","templated":true}]}}