{"id":32128,"date":"2024-11-14T23:24:05","date_gmt":"2024-11-14T23:24:05","guid":{"rendered":"https:\/\/defrentealaverdad.com\/?p=32128"},"modified":"2024-11-15T15:06:58","modified_gmt":"2024-11-15T15:06:58","slug":"cantautora-crisbel-ortiz-lanza-su-carrera-profesional-con-el-tema-la-mujer-que-soy","status":"publish","type":"post","link":"https:\/\/defrentealaverdad.com\/index.php\/2024\/11\/14\/cantautora-crisbel-ortiz-lanza-su-carrera-profesional-con-el-tema-la-mujer-que-soy\/","title":{"rendered":"Cantautora Crisbel Ort\u00edz lanza su carrera profesional con el tema \u2018\u2019La mujer que soy\u201d"},"content":{"rendered":"<blockquote>\n<p style=\"text-align: justify;\">La artista lanzar\u00e1 su primer sencillo promocional, apostando por la balada pop<\/p>\n<\/blockquote>\n<p style=\"text-align: justify;\">Santo Domingo. La cantautora venezolana Crisbel Ort\u00edz lanzar\u00e1 el lunes 18 de noviembre su primer sencillo, titulado \u2018\u2019La mujer que soy\u201d , canci\u00f3n in\u00e9dita que dar\u00e1 inicio formal a su carrera profesional.<\/p>\n<p style=\"text-align: justify;\">\u2018\u2019La mujer que soy\u201d es una balada pop basada en las emociones y sentimientos de una mujer, cuando sabe lo que quiere y tiene definidas sus intenciones amorosas. Esta canci\u00f3n refleja la realidad de muchas mujeres en el mundo, que por temor a perder tiempo en una relaci\u00f3n amorosa, prefieren ser directas y decir lo que verdaderamente sienten sin temor a ser vulnerables y a mostrarse tal y como son.<\/p>\n<p style=\"text-align: justify;\">La canci\u00f3n fue escrita por la propia Crisbel junto al cantante, compositor y productor musical de Sadaya Music Jean Cuevas y el m\u00fasico, compositor y productor ejecutivo de Sadaya Music Group, Manuel Aristy.<\/p>\n<p style=\"text-align: justify;\"><strong>M\u00e1s de Crisbel Ort\u00edz<\/strong><\/p>\n<p style=\"text-align: justify;\">Radicada desde hace 7 a\u00f1os y medio en Rep\u00fablica Dominicana, sus inicios musicales fueron desde muy peque\u00f1a a la edad de 5 a\u00f1os, perteneciendo a muchas agrupaciones musicales de g\u00e9nero tradicional en su natal Venezuela, particip\u00f3 en muchos de festivales de canto a nivel nacional e internacional entre Colombia y Venezuela.<\/p>\n<p style=\"text-align: justify;\">\u200dActualmente reside en Punta Cana donde tiene presentaciones frecuentemente, y en el a\u00f1o 2025 tiene planeado armar la gira para deleitar con sus presentaciones a Santo Domingo y Santiago.<\/p>\n<p>Fuente: Sadaya Music Jean Cuevas<\/p>\n","protected":false},"excerpt":{"rendered":"<p>La artista lanzar\u00e1 su primer sencillo promocional, apostando por la balada pop Santo Domingo. La<\/p>\n","protected":false},"author":4,"featured_media":32130,"comment_status":"open","ping_status":"open","sticky":false,"template":"","format":"standard","meta":{"footnotes":""},"categories":[7],"tags":[],"class_list":["post-32128","post","type-post","status-publish","format-standard","has-post-thumbnail","hentry","category-nacionales"],"_links":{"self":[{"href":"https:\/\/defrentealaverdad.com\/index.php\/wp-json\/wp\/v2\/posts\/32128","targetHints":{"allow":["GET"]}}],"collection":[{"href":"https:\/\/defrentealaverdad.com\/index.php\/wp-json\/wp\/v2\/posts"}],"about":[{"href":"https:\/\/defrentealaverdad.com\/index.php\/wp-json\/wp\/v2\/types\/post"}],"author":[{"embeddable":true,"href":"https:\/\/defrentealaverdad.com\/index.php\/wp-json\/wp\/v2\/users\/4"}],"replies":[{"embeddable":true,"href":"https:\/\/defrentealaverdad.com\/index.php\/wp-json\/wp\/v2\/comments?post=32128"}],"version-history":[{"count":1,"href":"https:\/\/defrentealaverdad.com\/index.php\/wp-json\/wp\/v2\/posts\/32128\/revisions"}],"predecessor-version":[{"id":32129,"href":"https:\/\/defrentealaverdad.com\/index.php\/wp-json\/wp\/v2\/posts\/32128\/revisions\/32129"}],"wp:featuredmedia":[{"embeddable":true,"href":"https:\/\/defrentealaverdad.com\/index.php\/wp-json\/wp\/v2\/media\/32130"}],"wp:attachment":[{"href":"https:\/\/defrentealaverdad.com\/index.php\/wp-json\/wp\/v2\/media?parent=32128"}],"wp:term":[{"taxonomy":"category","embeddable":true,"href":"https:\/\/defrentealaverdad.com\/index.php\/wp-json\/wp\/v2\/categories?post=32128"},{"taxonomy":"post_tag","embeddable":true,"href":"https:\/\/defrentealaverdad.com\/index.php\/wp-json\/wp\/v2\/tags?post=32128"}],"curies":[{"name":"wp","href":"https:\/\/api.w.org\/{rel}","templated":true}]}}