{"id":32122,"date":"2024-11-14T23:17:09","date_gmt":"2024-11-14T23:17:09","guid":{"rendered":"https:\/\/defrentealaverdad.com\/?p=32122"},"modified":"2024-11-15T15:07:33","modified_gmt":"2024-11-15T15:07:33","slug":"14-de-noviembre-dia-mundial-de-la-usabilidad","status":"publish","type":"post","link":"https:\/\/defrentealaverdad.com\/index.php\/2024\/11\/14\/14-de-noviembre-dia-mundial-de-la-usabilidad\/","title":{"rendered":"14 de Noviembre: D\u00eda Mundial de la Usabilidad"},"content":{"rendered":"<p style=\"text-align: justify;\">El segundo jueves del mes de noviembre se celebra el D\u00eda Mundial de la Usabilidad, que tiene como objetivo concientizar sobre la importancia de dise\u00f1ar productos que sean de f\u00e1cil utilizaci\u00f3n y que permitan realizar las tareas de la vida cotidiana de forma r\u00e1pida, sencilla y pr\u00e1ctica.<\/p>\n<p style=\"text-align: justify;\">Para muchos el t\u00e9rmino de usabilidad es desconocido, por eso vamos a empezar explicando qu\u00e9 es. Si lo buscas en el diccionario, dependiendo de su antig\u00fcedad y estilo, puede ser que no lo encuentres, sin embargo es un concepto ampliamente utilizado en el \u00e1mbito tecnol\u00f3gico. La usabilidad hace referencia a la facilidad con la que una persona puede hacer uso de una determinada herramienta.<\/p>\n<p style=\"text-align: justify;\">A trav\u00e9s de la investigaci\u00f3n sobre la experiencia de los usuarios, pruebas, fundamentos de arquitectura de informaci\u00f3n y evaluaciones heur\u00edsticas se consigue realizar un buen dise\u00f1o de forma tal que nadie se tenga que sentir inc\u00f3modo o incapaz al utilizar un determinado producto.<\/p>\n<p>Fuente: D\u00edas Internacionales<\/p>\n","protected":false},"excerpt":{"rendered":"<p>El segundo jueves del mes de noviembre se celebra el D\u00eda Mundial de la Usabilidad,<\/p>\n","protected":false},"author":2,"featured_media":32125,"comment_status":"open","ping_status":"open","sticky":false,"template":"","format":"standard","meta":{"footnotes":""},"categories":[16,7],"tags":[],"class_list":["post-32122","post","type-post","status-publish","format-standard","has-post-thumbnail","hentry","category-internacionales","category-nacionales"],"_links":{"self":[{"href":"https:\/\/defrentealaverdad.com\/index.php\/wp-json\/wp\/v2\/posts\/32122","targetHints":{"allow":["GET"]}}],"collection":[{"href":"https:\/\/defrentealaverdad.com\/index.php\/wp-json\/wp\/v2\/posts"}],"about":[{"href":"https:\/\/defrentealaverdad.com\/index.php\/wp-json\/wp\/v2\/types\/post"}],"author":[{"embeddable":true,"href":"https:\/\/defrentealaverdad.com\/index.php\/wp-json\/wp\/v2\/users\/2"}],"replies":[{"embeddable":true,"href":"https:\/\/defrentealaverdad.com\/index.php\/wp-json\/wp\/v2\/comments?post=32122"}],"version-history":[{"count":1,"href":"https:\/\/defrentealaverdad.com\/index.php\/wp-json\/wp\/v2\/posts\/32122\/revisions"}],"predecessor-version":[{"id":32126,"href":"https:\/\/defrentealaverdad.com\/index.php\/wp-json\/wp\/v2\/posts\/32122\/revisions\/32126"}],"wp:featuredmedia":[{"embeddable":true,"href":"https:\/\/defrentealaverdad.com\/index.php\/wp-json\/wp\/v2\/media\/32125"}],"wp:attachment":[{"href":"https:\/\/defrentealaverdad.com\/index.php\/wp-json\/wp\/v2\/media?parent=32122"}],"wp:term":[{"taxonomy":"category","embeddable":true,"href":"https:\/\/defrentealaverdad.com\/index.php\/wp-json\/wp\/v2\/categories?post=32122"},{"taxonomy":"post_tag","embeddable":true,"href":"https:\/\/defrentealaverdad.com\/index.php\/wp-json\/wp\/v2\/tags?post=32122"}],"curies":[{"name":"wp","href":"https:\/\/api.w.org\/{rel}","templated":true}]}}