{"id":32115,"date":"2024-11-14T11:04:10","date_gmt":"2024-11-14T11:04:10","guid":{"rendered":"https:\/\/defrentealaverdad.com\/?p=32115"},"modified":"2024-11-15T15:08:15","modified_gmt":"2024-11-15T15:08:15","slug":"14-de-noviembre-dia-mundial-de-la-calidad","status":"publish","type":"post","link":"https:\/\/defrentealaverdad.com\/index.php\/2024\/11\/14\/14-de-noviembre-dia-mundial-de-la-calidad\/","title":{"rendered":"14 de Noviembre: D\u00eda Mundial de la Calidad"},"content":{"rendered":"<p style=\"text-align: justify;\">El D\u00eda Mundial de la Calidad se celebra el segundo jueves de noviembre de cada a\u00f1o, siendo este 14 de noviembre de 2024 el d\u00eda internacional de la calidad.<\/p>\n<p style=\"text-align: justify;\">Esta celebraci\u00f3n fue designada por la Organizaci\u00f3n de las Naciones Unidas (ONU) desde 1990. Su objetivo es concientizar a las empresas, el sector p\u00fablico, privado y la academia sobre la importancia de la calidad en la gesti\u00f3n.<\/p>\n<p><strong>Un poco de historia<\/strong><\/p>\n<p style=\"text-align: justify;\">En el siglo XX, la calidad empez\u00f3 a ser vista de manera m\u00e1s amplia, involucrando no solo la inspecci\u00f3n de productos finales, sino tambi\u00e9n la mejora continua de procesos. Figuras como Walter Shewhart y W. Edwards Deming fueron pioneros en el desarrollo de m\u00e9todos y principios para la gesti\u00f3n de la calidad.<\/p>\n<p style=\"text-align: justify;\">La adopci\u00f3n de normas internacionales de calidad ha sido fundamental en la estandarizaci\u00f3n de procesos y en la mejora continua de las organizaciones. La calidad no debe ser un destino, es un camino que debe reflejar nuestro entusiasmo por la excelencia y el compromiso con la mejora continua.<\/p>\n<blockquote>\n<p style=\"text-align: justify;\">\u00abLa calidad es nuestra mejor garant\u00eda de la fidelidad de los clientes, nuestra m\u00e1s fuerte defensa contra la competencia y el \u00fanico camino para el crecimiento\u00bb- Jack Welch<\/p>\n<\/blockquote>\n<p>Fuente: Bureau Veritas<\/p>\n","protected":false},"excerpt":{"rendered":"<p>El D\u00eda Mundial de la Calidad se celebra el segundo jueves de noviembre de cada<\/p>\n","protected":false},"author":2,"featured_media":32119,"comment_status":"open","ping_status":"open","sticky":false,"template":"","format":"standard","meta":{"footnotes":""},"categories":[16],"tags":[],"class_list":["post-32115","post","type-post","status-publish","format-standard","has-post-thumbnail","hentry","category-internacionales"],"_links":{"self":[{"href":"https:\/\/defrentealaverdad.com\/index.php\/wp-json\/wp\/v2\/posts\/32115","targetHints":{"allow":["GET"]}}],"collection":[{"href":"https:\/\/defrentealaverdad.com\/index.php\/wp-json\/wp\/v2\/posts"}],"about":[{"href":"https:\/\/defrentealaverdad.com\/index.php\/wp-json\/wp\/v2\/types\/post"}],"author":[{"embeddable":true,"href":"https:\/\/defrentealaverdad.com\/index.php\/wp-json\/wp\/v2\/users\/2"}],"replies":[{"embeddable":true,"href":"https:\/\/defrentealaverdad.com\/index.php\/wp-json\/wp\/v2\/comments?post=32115"}],"version-history":[{"count":3,"href":"https:\/\/defrentealaverdad.com\/index.php\/wp-json\/wp\/v2\/posts\/32115\/revisions"}],"predecessor-version":[{"id":32118,"href":"https:\/\/defrentealaverdad.com\/index.php\/wp-json\/wp\/v2\/posts\/32115\/revisions\/32118"}],"wp:featuredmedia":[{"embeddable":true,"href":"https:\/\/defrentealaverdad.com\/index.php\/wp-json\/wp\/v2\/media\/32119"}],"wp:attachment":[{"href":"https:\/\/defrentealaverdad.com\/index.php\/wp-json\/wp\/v2\/media?parent=32115"}],"wp:term":[{"taxonomy":"category","embeddable":true,"href":"https:\/\/defrentealaverdad.com\/index.php\/wp-json\/wp\/v2\/categories?post=32115"},{"taxonomy":"post_tag","embeddable":true,"href":"https:\/\/defrentealaverdad.com\/index.php\/wp-json\/wp\/v2\/tags?post=32115"}],"curies":[{"name":"wp","href":"https:\/\/api.w.org\/{rel}","templated":true}]}}