{"id":32102,"date":"2024-11-14T22:53:39","date_gmt":"2024-11-14T22:53:39","guid":{"rendered":"https:\/\/defrentealaverdad.com\/?p=32102"},"modified":"2024-11-15T15:06:59","modified_gmt":"2024-11-15T15:06:59","slug":"el-presidente-de-cidefaponrd-participa-en-el-programa-radial-mide-deporte","status":"publish","type":"post","link":"https:\/\/defrentealaverdad.com\/index.php\/2024\/11\/14\/el-presidente-de-cidefaponrd-participa-en-el-programa-radial-mide-deporte\/","title":{"rendered":"El Presidente de CIDEFAPONRD Participa en el Programa Radial \u00abMide Deporte\u00bb"},"content":{"rendered":"<p>Por Felix Rubio<\/p>\n<p style=\"text-align: justify;\">Santo Domingo.- En un esfuerzo significativo por promover la pr\u00e1ctica deportiva y fortalecer la integraci\u00f3n de las Fuerzas Armadas y la Polic\u00eda Nacional en actividades recreativas y competitivas, el presidente de la Confederaci\u00f3n Deportiva de las Fuerzas Armadas y la Polic\u00eda Nacional (CIDEFAPONRD), General de Brigada Jos\u00e9 Manuel Dur\u00e1n Ynfante, ERD, particip\u00f3 en la m\u00e1s reciente edici\u00f3n del programa radial \u00abMide Deporte\u00bb, transmitido por La Voz de las Fuerzas Armadas.<\/p>\n<p><img decoding=\"async\" class=\"size-medium wp-image-32106 alignleft lazyload\" data-src=\"https:\/\/defrentealaverdad.com\/wp-content\/uploads\/2024\/11\/IMG-20241113-WA0207-300x199.jpg\" alt=\"\" width=\"300\" height=\"199\" data-srcset=\"https:\/\/defrentealaverdad.com\/wp-content\/uploads\/2024\/11\/IMG-20241113-WA0207-300x199.jpg 300w, https:\/\/defrentealaverdad.com\/wp-content\/uploads\/2024\/11\/IMG-20241113-WA0207-1024x680.jpg 1024w, https:\/\/defrentealaverdad.com\/wp-content\/uploads\/2024\/11\/IMG-20241113-WA0207-768x510.jpg 768w, https:\/\/defrentealaverdad.com\/wp-content\/uploads\/2024\/11\/IMG-20241113-WA0207-1536x1020.jpg 1536w, https:\/\/defrentealaverdad.com\/wp-content\/uploads\/2024\/11\/IMG-20241113-WA0207.jpg 1600w\" data-sizes=\"(max-width: 300px) 100vw, 300px\" src=\"data:image\/svg+xml;base64,PHN2ZyB3aWR0aD0iMSIgaGVpZ2h0PSIxIiB4bWxucz0iaHR0cDovL3d3dy53My5vcmcvMjAwMC9zdmciPjwvc3ZnPg==\" style=\"--smush-placeholder-width: 300px; --smush-placeholder-aspect-ratio: 300\/199;\" \/><\/p>\n<p style=\"text-align: justify;\">Durante su intervenci\u00f3n, el General Dur\u00e1n destac\u00f3 la relevancia del deporte como herramienta de uni\u00f3n, disciplina y desarrollo tanto para los miembros de las instituciones armadas como para la sociedad en general. En su intervenci\u00f3n, abord\u00f3 temas clave sobre los logros alcanzados por los atletas de las Fuerzas Armadas y la Polic\u00eda Nacional, as\u00ed como los proyectos en curso para fortalecer la pr\u00e1ctica deportiva dentro de estas instituciones.<\/p>\n<blockquote>\n<p style=\"text-align: justify;\">\u201cEl deporte es un pilar fundamental en la formaci\u00f3n integral de nuestros hombres y mujeres en las Fuerzas Armadas y la Polic\u00eda Nacional. M\u00e1s all\u00e1 de fomentar valores como el trabajo en equipo, la responsabilidad y el liderazgo, el deporte es crucial para mantener elevados niveles de salud f\u00edsica y mental\u201d, expres\u00f3 el General Dur\u00e1n durante la entrevista.<\/p>\n<\/blockquote>\n<p style=\"text-align: justify;\">Asimismo, el presidente de CIDEFAPONRD aprovech\u00f3 la ocasi\u00f3n para invitar a la ciudadan\u00eda a apoyar las iniciativas deportivas que involucran a los miembros de las Fuerzas Armadas y la Polic\u00eda Nacional, destacando especialmente la Competencia de Fuerzas Especiales de las FFAA y la PN RD 2024. Resalt\u00f3 que este tipo de eventos no solo promueven el bienestar de los atletas, sino que tambi\u00e9n fortalecen el esp\u00edritu de camarader\u00eda y el sentido de pertenencia dentro de las instituciones.<img decoding=\"async\" class=\"size-medium wp-image-32105 alignright lazyload\" data-src=\"https:\/\/defrentealaverdad.com\/wp-content\/uploads\/2024\/11\/IMG-20241113-WA0263-300x168.jpg\" alt=\"\" width=\"300\" height=\"168\" data-srcset=\"https:\/\/defrentealaverdad.com\/wp-content\/uploads\/2024\/11\/IMG-20241113-WA0263-300x168.jpg 300w, https:\/\/defrentealaverdad.com\/wp-content\/uploads\/2024\/11\/IMG-20241113-WA0263-1024x575.jpg 1024w, https:\/\/defrentealaverdad.com\/wp-content\/uploads\/2024\/11\/IMG-20241113-WA0263-768x431.jpg 768w, https:\/\/defrentealaverdad.com\/wp-content\/uploads\/2024\/11\/IMG-20241113-WA0263-1536x862.jpg 1536w, https:\/\/defrentealaverdad.com\/wp-content\/uploads\/2024\/11\/IMG-20241113-WA0263-800x450.jpg 800w, https:\/\/defrentealaverdad.com\/wp-content\/uploads\/2024\/11\/IMG-20241113-WA0263.jpg 1600w\" data-sizes=\"(max-width: 300px) 100vw, 300px\" src=\"data:image\/svg+xml;base64,PHN2ZyB3aWR0aD0iMSIgaGVpZ2h0PSIxIiB4bWxucz0iaHR0cDovL3d3dy53My5vcmcvMjAwMC9zdmciPjwvc3ZnPg==\" style=\"--smush-placeholder-width: 300px; --smush-placeholder-aspect-ratio: 300\/168;\" \/><\/p>\n<p style=\"text-align: justify;\">En la entrevista tambi\u00e9n particip\u00f3 el Coronel Paracaidista Rafael J. Menc\u00eda Cury, FARD. (DEM), Subdirector Ejecutivo de la Confederaci\u00f3n Deportiva de las Fuerzas Armadas y la Polic\u00eda Nacional, quien se\u00f1al\u00f3 que la Competencia de Fuerzas Especiales tiene como objetivo poner a prueba la capacidad f\u00edsica y la destreza de los participantes en el manejo de armamentos, as\u00ed como sus habilidades t\u00e9cnicas para enfrentar desaf\u00edos relacionados con el terrorismo y el crimen organizado.<\/p>\n<p>Fuente: MIDE<\/p>\n","protected":false},"excerpt":{"rendered":"<p>Por Felix Rubio Santo Domingo.- En un esfuerzo significativo por promover la pr\u00e1ctica deportiva y<\/p>\n","protected":false},"author":1,"featured_media":32104,"comment_status":"open","ping_status":"open","sticky":false,"template":"","format":"standard","meta":{"footnotes":""},"categories":[7],"tags":[],"class_list":["post-32102","post","type-post","status-publish","format-standard","has-post-thumbnail","hentry","category-nacionales"],"_links":{"self":[{"href":"https:\/\/defrentealaverdad.com\/index.php\/wp-json\/wp\/v2\/posts\/32102","targetHints":{"allow":["GET"]}}],"collection":[{"href":"https:\/\/defrentealaverdad.com\/index.php\/wp-json\/wp\/v2\/posts"}],"about":[{"href":"https:\/\/defrentealaverdad.com\/index.php\/wp-json\/wp\/v2\/types\/post"}],"author":[{"embeddable":true,"href":"https:\/\/defrentealaverdad.com\/index.php\/wp-json\/wp\/v2\/users\/1"}],"replies":[{"embeddable":true,"href":"https:\/\/defrentealaverdad.com\/index.php\/wp-json\/wp\/v2\/comments?post=32102"}],"version-history":[{"count":2,"href":"https:\/\/defrentealaverdad.com\/index.php\/wp-json\/wp\/v2\/posts\/32102\/revisions"}],"predecessor-version":[{"id":32108,"href":"https:\/\/defrentealaverdad.com\/index.php\/wp-json\/wp\/v2\/posts\/32102\/revisions\/32108"}],"wp:featuredmedia":[{"embeddable":true,"href":"https:\/\/defrentealaverdad.com\/index.php\/wp-json\/wp\/v2\/media\/32104"}],"wp:attachment":[{"href":"https:\/\/defrentealaverdad.com\/index.php\/wp-json\/wp\/v2\/media?parent=32102"}],"wp:term":[{"taxonomy":"category","embeddable":true,"href":"https:\/\/defrentealaverdad.com\/index.php\/wp-json\/wp\/v2\/categories?post=32102"},{"taxonomy":"post_tag","embeddable":true,"href":"https:\/\/defrentealaverdad.com\/index.php\/wp-json\/wp\/v2\/tags?post=32102"}],"curies":[{"name":"wp","href":"https:\/\/api.w.org\/{rel}","templated":true}]}}